{"id":651,"date":"2012-09-30T09:16:29","date_gmt":"2012-09-30T09:16:29","guid":{"rendered":"http:\/\/blog.kisale.com\/mujeres-deporte\/?p=651"},"modified":"2012-09-30T09:16:29","modified_gmt":"2012-09-30T09:16:29","slug":"manguitos-y-perneras-para-el-entretiempo-en-bicicleta","status":"publish","type":"post","link":"https:\/\/www.itxaspe.com\/BlogsDeportes\/mujeres-deporte\/manguitos-y-perneras-para-el-entretiempo-en-bicicleta\/","title":{"rendered":"Manguitos y perneras para bicicleta. Para el entretiempo"},"content":{"rendered":"<p>Estoy leyendo en<a href=\"http:\/\/www.foromtb.com\"><strong> foromtb<\/strong><\/a> una entrada en la que una chica consulta sobre la idea de llevar manguitos en bicicleta, a ver qu\u00e9 tal van.<\/p>\n<p>Para mi los manguitos son una prenda imprescindible en mis salidas en bicicleta. A no ser\u00a0 que sea pleno verano (con muuuuucho calor) o ya invierno donde\u00a0 llevo todo ropa larga, siempre me acompa\u00f1an en un bolsillo del maillot o en la mochila de hidrataci\u00f3n. Es una prenda que no ocupa nada, y que te protege bastante en las ma\u00f1anas frias o atardeceres donde ya empieza a hacer fresquete.<\/p>\n<p><img loading=\"lazy\" decoding=\"async\" class=\"alignnone\" title=\"Manguitos de ciclismo Maloja\" src=\"http:\/\/farm7.staticflickr.com\/6105\/7000527375_cfdd1e48a0.jpg\" alt=\"\" width=\"500\" height=\"375\" \/><\/p>\n<p><em>En la foto mis manguitos actuales <a title=\"Manguitos para bicicleta de Maloja\" href=\"http:\/\/www.kisale.es\/maloja-manguitos-m\">Manguitos de maloja <\/a><\/em><\/p>\n<p>En mi caso hasta las <strong>perneras<\/strong> las considero como una prenda a tener en el armario de un cicloturista, pero bien es cierto que las utilizo menos que los manguitos. Eso si, con lo poco que me gusta a mi los pantalones de bicicleta largos de\u00a0 invierno, os aseguro que intento estirar al m\u00e1ximo el uso de las perneras.<\/p>\n<div style=\"width: 385px\" class=\"wp-caption alignnone\"><img loading=\"lazy\" decoding=\"async\" title=\"Quitando las perneras\" src=\"http:\/\/farm8.staticflickr.com\/7018\/6500670069_66830c63f0.jpg\" alt=\"\" width=\"375\" height=\"500\" \/><p class=\"wp-caption-text\">Quit\u00e1ndome las perneras en una salida en la que el frio matinal va desapareciendo<\/p><\/div>\n<p>Tengo perneras piratas, y perneras largas totales, que utilizo con mis culottes cortos favoritos durante la primavera y oto\u00f1o.<\/p>\n<p><strong>Consejos para elecci\u00f3n de manguitos<\/strong><\/p>\n<p>Lo que hay que encontrar son manguitos y perneras que vayan a tu medida. Si no andar\u00e1s con ellos siempre medio caidos, y no llegar\u00e1n a hacer bien su funci\u00f3n. En la parte superior suelen tener una banda de grip para que se sujete mejor al brazo.<\/p>\n<p>Hay de todo tipo de manguitos y perneras, con diferentes materiales y diferentes objetivos (para fresco, para frio, para lluvia.. ) , as\u00ed que busca los adecuados a las condiciones meteorol\u00f3gicas de tu zona.<\/p>\n<p>En nuestra secci\u00f3n de <a title=\"Accesorios de vestimenta para bicicleta\" href=\"http:\/\/www.kisale.es\/c\/accesorios-ropa\">Accesorios de vestimenta para bicicleta<\/a> en <strong>Kisale<\/strong> puedes encontrar todo esos <a title=\"complementos de ropa de ciclismo\" href=\"http:\/\/www.kisale.es\/c\/accesorios-ropa\">complementos de ropa de ciclismo<\/a> que te ser\u00e1n muy necesarios a la hora de salir a dar una vuelta en bici.<\/p>\n<h3><a title=\"Endura FS260-Pro Perneras\" href=\"http:\/\/www.kisale.es\/endura-fs260-pro-perneras\">Perneras Endura FS260-Pro<\/a><\/h3>\n<p>Perneras largas<\/p>\n<p><a href=\"http:\/\/www.kisale.es\/endura-fs260-pro-perneras\"><img loading=\"lazy\" decoding=\"async\" title=\"Endura FS260-Pro Perneras\" src=\"http:\/\/www.kisale.es\/site_media\/photologue\/photos\/cache\/legwarmer_frontpage.jpg\" alt=\"\" width=\"256\" height=\"256\" \/><\/a><\/p>\n<h3><a title=\"Maloja Perneras M\" href=\"http:\/\/www.kisale.es\/maloja-perneras-m\">Perneras M<\/a><a title=\"Maloja Perneras M\" href=\"http:\/\/www.kisale.es\/maloja-perneras-m\"> de Maloja <\/a><\/h3>\n<p>De la famosa marca alemana de <a title=\"Ropa deportiva Maloja\" href=\"http:\/\/blog.kisale.com\/tienda\/accesorios-para-vestimenta-de-ciclismo-cubrezapatillas-manguitos-perneras\/www.kisale.es\/b\/maloja\">ropa deportiva Maloja<\/a>, aqu\u00ed ten\u00e9is estas perneras disponibles en color blanco y negro.<\/p>\n<p><a href=\"http:\/\/www.kisale.es\/maloja-perneras-m\"><img loading=\"lazy\" decoding=\"async\" title=\"Maloja Perneras M\" src=\"http:\/\/www.kisale.es\/site_media\/photologue\/photos\/cache\/perneras-m-blancas_frontpage.png\" alt=\"\" width=\"171\" height=\"256\" \/><\/a><\/p>\n<p>Perneras con cremallera para poderlas poner m\u00e1s c\u00f3modamente.<\/p>\n<h3><a title=\"Maloja Manguitos M.\" href=\"http:\/\/www.kisale.es\/maloja-manguitos-m\">Manguitos M.<\/a><a title=\"Maloja Manguitos M.\" href=\"http:\/\/www.kisale.es\/maloja-manguitos-m\"> de Maloja <\/a><\/h3>\n<p>Al igual que las perneras de Maloja, tienes <strong>manguitos Maloja<\/strong> en color negro y blanco. Yo tengo unas en negro, son las que est\u00e1n en la foto de arriba.<\/p>\n<p><a href=\"http:\/\/www.kisale.es\/maloja-manguitos-m\"><img loading=\"lazy\" decoding=\"async\" title=\"Maloja Manguitos M.\" src=\"http:\/\/www.kisale.es\/site_media\/photologue\/photos\/cache\/manguitos-blanco_frontpage.jpg\" alt=\"\" width=\"180\" height=\"180\" \/><\/a><\/p>\n<h3><a title=\"Endura FS260-Pro Perneras piratas\" href=\"http:\/\/www.kisale.es\/endura-fs260-pro-perneras-piratas\">Perneras piratas Endura FS260-Pro <\/a><\/h3>\n<p><a href=\"http:\/\/www.kisale.es\/endura-fs260-pro-perneras-piratas\"><img loading=\"lazy\" decoding=\"async\" title=\"Endura FS260-Pro Perneras piratas\" src=\"http:\/\/www.kisale.es\/site_media\/photologue\/photos\/cache\/kneewarmers_display.jpg\" alt=\"\" width=\"256\" height=\"256\" \/><\/a><\/p>\n<p>No dejes que el catarro te agarre en tus salidas.<\/p>\n<p>\u00a1Buenas pedaladas! <img decoding=\"async\" src=\"http:\/\/blog.kisale.com\/tienda\/wp-includes\/images\/smilies\/icon_wink.gif\" alt=\";)\" \/><\/p>\n<p>&nbsp;<\/p>\n<p>&nbsp;<\/p>\n","protected":false},"excerpt":{"rendered":"<p>Estoy leyendo en foromtb una entrada en la que una chica consulta sobre la idea de llevar manguitos en bicicleta, a ver qu\u00e9 tal van. Para mi los manguitos son una prenda imprescindible en mis salidas en bicicleta. A no ser\u00a0 que sea pleno verano (con muuuuucho calor) o ya invierno donde\u00a0 llevo todo ropa [&hellip;]<\/p>\n","protected":false},"author":1,"featured_media":0,"comment_status":"open","ping_status":"open","sticky":false,"template":"","format":"standard","meta":{"footnotes":""},"categories":[3,4,7,20,26],"tags":[122,123,126,136,139,91],"class_list":["post-651","post","type-post","status-publish","format-standard","hentry","category-ciclismo","category-ciclismo-carretera","category-consejos","category-mountain-bike","category-ropa","tag-ciclismo","tag-ciclismo-carretera","tag-consejos","tag-kisale","tag-mountain-bike","tag-rop"],"_links":{"self":[{"href":"https:\/\/www.itxaspe.com\/BlogsDeportes\/mujeres-deporte\/wp-json\/wp\/v2\/posts\/651","targetHints":{"allow":["GET"]}}],"collection":[{"href":"https:\/\/www.itxaspe.com\/BlogsDeportes\/mujeres-deporte\/wp-json\/wp\/v2\/posts"}],"about":[{"href":"https:\/\/www.itxaspe.com\/BlogsDeportes\/mujeres-deporte\/wp-json\/wp\/v2\/types\/post"}],"author":[{"embeddable":true,"href":"https:\/\/www.itxaspe.com\/BlogsDeportes\/mujeres-deporte\/wp-json\/wp\/v2\/users\/1"}],"replies":[{"embeddable":true,"href":"https:\/\/www.itxaspe.com\/BlogsDeportes\/mujeres-deporte\/wp-json\/wp\/v2\/comments?post=651"}],"version-history":[{"count":0,"href":"https:\/\/www.itxaspe.com\/BlogsDeportes\/mujeres-deporte\/wp-json\/wp\/v2\/posts\/651\/revisions"}],"wp:attachment":[{"href":"https:\/\/www.itxaspe.com\/BlogsDeportes\/mujeres-deporte\/wp-json\/wp\/v2\/media?parent=651"}],"wp:term":[{"taxonomy":"category","embeddable":true,"href":"https:\/\/www.itxaspe.com\/BlogsDeportes\/mujeres-deporte\/wp-json\/wp\/v2\/categories?post=651"},{"taxonomy":"post_tag","embeddable":true,"href":"https:\/\/www.itxaspe.com\/BlogsDeportes\/mujeres-deporte\/wp-json\/wp\/v2\/tags?post=651"}],"curies":[{"name":"wp","href":"https:\/\/api.w.org\/{rel}","templated":true}]}}