{"id":624,"date":"2012-09-18T20:34:19","date_gmt":"2012-09-18T20:34:19","guid":{"rendered":"http:\/\/blog.kisale.com\/mujeres-deporte\/?p=624"},"modified":"2012-09-18T20:34:19","modified_gmt":"2012-09-18T20:34:19","slug":"mesa-redonda-mujer-y-montana-20-de-septiembre-2012-ganerantz-portugalete","status":"publish","type":"post","link":"https:\/\/www.itxaspe.com\/BlogsDeportes\/mujeres-deporte\/mesa-redonda-mujer-y-montana-20-de-septiembre-2012-ganerantz-portugalete\/","title":{"rendered":"Mesa redonda \u00abMujer y monta\u00f1a\u00bb, 20 de septiembre 2012, Ganerantz (Portugalete)"},"content":{"rendered":"<div>Si eres monta\u00f1era, leo en el blog de <a title=\"Mujeres de Pyrenaica\" href=\"http:\/\/mujeresdepyrenaica.blogspot.com.es\">Mujeres de Pyrenaica<\/a> un evento que puede resultar de tu inter\u00e9s.<\/div>\n<div>Organizado por<strong> Ganerantz Mendizale Taldea <\/strong>y dentro de las Jornadas de monta\u00f1a el jueves d\u00eda 20 de Septiembre a las 19:30 en el Centro Cultural Santa Clara tendr\u00e1 lugar una mesa redonda sobre \u00abMujer y monta\u00f1a\u00bb<\/div>\n<div><\/div>\n<div><img loading=\"lazy\" decoding=\"async\" class=\"alignnone\" src=\"http:\/\/4.bp.blogspot.com\/-YiJZzcOcyDo\/UAZ4LJouPvI\/AAAAAAAAG7s\/WJtnZdPymP8\/s280\/Mujeres+Monta%C3%B1eras.jpg\" alt=\"\" width=\"280\" height=\"198\" \/><\/div>\n<div><strong><br \/>\n<\/strong><\/div>\n<div><\/div>\n<div>En la misma se hablar\u00e1 sobre las motivaciones que acercan a las mujeres a la monta\u00f1a y las causas de su alejamiento, sus valores, el origen de la baja participaci\u00f3n en la gesti\u00f3n y de la escasa visibilidad, etc. Una ocasi\u00f3n para conocer\u00a0 opiniones e intenciones. Animan a todas las mujeres interesadas en el tema a participar activamente en la reuni\u00f3n.<\/div>\n","protected":false},"excerpt":{"rendered":"<p>Si eres monta\u00f1era, leo en el blog de Mujeres de Pyrenaica un evento que puede resultar de tu inter\u00e9s. Organizado por Ganerantz Mendizale Taldea y dentro de las Jornadas de monta\u00f1a el jueves d\u00eda 20 de Septiembre a las 19:30 en el Centro Cultural Santa Clara tendr\u00e1 lugar una mesa redonda sobre \u00abMujer y monta\u00f1a\u00bb [&hellip;]<\/p>\n","protected":false},"author":1,"featured_media":0,"comment_status":"open","ping_status":"open","sticky":false,"template":"","format":"standard","meta":{"footnotes":""},"categories":[13,19],"tags":[132,138],"class_list":["post-624","post","type-post","status-publish","format-standard","hentry","category-eventos","category-montana","tag-eventos","tag-montana"],"_links":{"self":[{"href":"https:\/\/www.itxaspe.com\/BlogsDeportes\/mujeres-deporte\/wp-json\/wp\/v2\/posts\/624","targetHints":{"allow":["GET"]}}],"collection":[{"href":"https:\/\/www.itxaspe.com\/BlogsDeportes\/mujeres-deporte\/wp-json\/wp\/v2\/posts"}],"about":[{"href":"https:\/\/www.itxaspe.com\/BlogsDeportes\/mujeres-deporte\/wp-json\/wp\/v2\/types\/post"}],"author":[{"embeddable":true,"href":"https:\/\/www.itxaspe.com\/BlogsDeportes\/mujeres-deporte\/wp-json\/wp\/v2\/users\/1"}],"replies":[{"embeddable":true,"href":"https:\/\/www.itxaspe.com\/BlogsDeportes\/mujeres-deporte\/wp-json\/wp\/v2\/comments?post=624"}],"version-history":[{"count":0,"href":"https:\/\/www.itxaspe.com\/BlogsDeportes\/mujeres-deporte\/wp-json\/wp\/v2\/posts\/624\/revisions"}],"wp:attachment":[{"href":"https:\/\/www.itxaspe.com\/BlogsDeportes\/mujeres-deporte\/wp-json\/wp\/v2\/media?parent=624"}],"wp:term":[{"taxonomy":"category","embeddable":true,"href":"https:\/\/www.itxaspe.com\/BlogsDeportes\/mujeres-deporte\/wp-json\/wp\/v2\/categories?post=624"},{"taxonomy":"post_tag","embeddable":true,"href":"https:\/\/www.itxaspe.com\/BlogsDeportes\/mujeres-deporte\/wp-json\/wp\/v2\/tags?post=624"}],"curies":[{"name":"wp","href":"https:\/\/api.w.org\/{rel}","templated":true}]}}