{"id":48,"date":"2010-09-18T18:15:20","date_gmt":"2010-09-18T18:15:20","guid":{"rendered":"http:\/\/blog.kisale.com\/mujeres-deporte\/?p=48"},"modified":"2010-09-18T18:15:20","modified_gmt":"2010-09-18T18:15:20","slug":"candidaturas-al-premio-mujer-y-deporte-2010","status":"publish","type":"post","link":"https:\/\/www.itxaspe.com\/BlogsDeportes\/mujeres-deporte\/candidaturas-al-premio-mujer-y-deporte-2010\/","title":{"rendered":"candidaturas al Premio \u201cMujer y Deporte 2010\u201d"},"content":{"rendered":"<p>Ten\u00e9is toda la informaci\u00f3n aqu\u00ed \ud83d\ude09<br \/>\n<img decoding=\"async\" src=\"http:\/\/aragonliberal.es\/adm\/shimgpeque.asp?anyo=2010&amp;notid=41550&amp;imgno=1\" alt=\"\" \/><br \/>\n<a href=\"http:\/\/aragonliberal.es\/noticias\/noticia.asp?notid=41550&amp;menu=6\">El plazo para presentar las candidaturas al Premio \u201cMujer y Deporte 2010\u201d sigue abierto hasta el 30 de septiembre<\/a><\/p>\n","protected":false},"excerpt":{"rendered":"<p>Ten\u00e9is toda la informaci\u00f3n aqu\u00ed \ud83d\ude09 El plazo para presentar las candidaturas al Premio \u201cMujer y Deporte 2010\u201d sigue abierto hasta el 30 de septiembre<\/p>\n","protected":false},"author":1,"featured_media":0,"comment_status":"open","ping_status":"open","sticky":false,"template":"","format":"standard","meta":{"footnotes":""},"categories":[16],"tags":[135],"class_list":["post-48","post","type-post","status-publish","format-standard","hentry","category-general","tag-general"],"_links":{"self":[{"href":"https:\/\/www.itxaspe.com\/BlogsDeportes\/mujeres-deporte\/wp-json\/wp\/v2\/posts\/48","targetHints":{"allow":["GET"]}}],"collection":[{"href":"https:\/\/www.itxaspe.com\/BlogsDeportes\/mujeres-deporte\/wp-json\/wp\/v2\/posts"}],"about":[{"href":"https:\/\/www.itxaspe.com\/BlogsDeportes\/mujeres-deporte\/wp-json\/wp\/v2\/types\/post"}],"author":[{"embeddable":true,"href":"https:\/\/www.itxaspe.com\/BlogsDeportes\/mujeres-deporte\/wp-json\/wp\/v2\/users\/1"}],"replies":[{"embeddable":true,"href":"https:\/\/www.itxaspe.com\/BlogsDeportes\/mujeres-deporte\/wp-json\/wp\/v2\/comments?post=48"}],"version-history":[{"count":0,"href":"https:\/\/www.itxaspe.com\/BlogsDeportes\/mujeres-deporte\/wp-json\/wp\/v2\/posts\/48\/revisions"}],"wp:attachment":[{"href":"https:\/\/www.itxaspe.com\/BlogsDeportes\/mujeres-deporte\/wp-json\/wp\/v2\/media?parent=48"}],"wp:term":[{"taxonomy":"category","embeddable":true,"href":"https:\/\/www.itxaspe.com\/BlogsDeportes\/mujeres-deporte\/wp-json\/wp\/v2\/categories?post=48"},{"taxonomy":"post_tag","embeddable":true,"href":"https:\/\/www.itxaspe.com\/BlogsDeportes\/mujeres-deporte\/wp-json\/wp\/v2\/tags?post=48"}],"curies":[{"name":"wp","href":"https:\/\/api.w.org\/{rel}","templated":true}]}}