{"id":475,"date":"2012-03-30T18:01:15","date_gmt":"2012-03-30T18:01:15","guid":{"rendered":"http:\/\/blog.kisale.com\/mujeres-deporte\/?p=475"},"modified":"2012-03-30T18:01:15","modified_gmt":"2012-03-30T18:01:15","slug":"planes-de-semana-santa-deportivos-que-nos-contais","status":"publish","type":"post","link":"https:\/\/www.itxaspe.com\/BlogsDeportes\/mujeres-deporte\/planes-de-semana-santa-deportivos-que-nos-contais\/","title":{"rendered":"Planes de Semana Santa deportivos. \u00bfQu\u00e9 nos cont\u00e1is?"},"content":{"rendered":"<p>A\u00fan no tenemos muy claro qu\u00e9 hacer.. lo teniamos, pero el tiempo cambia y puede chafarnos los planes.. pero algo haremos.<\/p>\n<p>Lo que s\u00ed mantendremos a no ser que haya cambio de \u00faltima hora es seguir alguna etapa de la <strong>Vuelta al Pais Vasco<\/strong>.<\/p>\n<p>Es una pena teniendo el tiempazo que ha hecho aqu\u00ed en el norte durante estas semanitas el tiempo que les va a hacer a los pobres ciclistas. Parece que hasta dan probable nieve en la etapa de O\u00f1ati. Y ahora que estoy escribiendo esto estoy en camiseta de tirantes!! ;( En fin..<\/p>\n<p>Tras esto ten\u00edamos pensado cogernos las bicis e irnos por ah\u00ed sin rumbo fijo con la autocaravana. Ahora incluso barajamos ir a esquiar.. (si es que nieva un poquillo al menos).. veremos en qu\u00e9 queda todo.<\/p>\n<p>Anda que no hay diferencia de una cosa u otra..<br \/>\n<a title=\"CIMG4793 por itxaspe, en Flickr\" href=\"http:\/\/www.flickr.com\/photos\/48196942@N00\/6716838763\/\"><img loading=\"lazy\" decoding=\"async\" src=\"http:\/\/farm8.staticflickr.com\/7168\/6716838763_e41658b9f6.jpg\" alt=\"CIMG4793\" width=\"375\" height=\"500\" \/><\/a><\/p>\n<p><a title=\"CIMG5143 por itxaspe, en Flickr\" href=\"http:\/\/www.flickr.com\/photos\/48196942@N00\/6878734910\/\"><img loading=\"lazy\" decoding=\"async\" src=\"http:\/\/farm8.staticflickr.com\/7212\/6878734910_c4c49725fa.jpg\" alt=\"CIMG5143\" width=\"500\" height=\"375\" \/><\/a><\/p>\n<p>Sin duda alguna me quedo con la segunda, m\u00e1s que nada por el tiempo, jeje.. pero nos quedaremos con lo que venga.. \ud83d\ude09<\/p>\n<p>\u00bfqu\u00e9 planes ten\u00e9is? \u00bfdeportivos? \u00bf desconexi\u00f3n? \u00bfcuidar el pueblo? Todo plan es bueno sin duda, aprovechemos y saquemos partido a estos d\u00edas<\/p>\n<p>Ahora de momento aprovecharemos este fin de semana que se nos presenta bueno, al menos a donde vamos: Estella para ma\u00f1ana ver el Gran Premio Miguel Indurain y ma\u00f1ana iremos ya para Arguedas, a la media Extreme Bardenas del fin de semana. \u00a1Pasarlo bien!<\/p>\n","protected":false},"excerpt":{"rendered":"<p>A\u00fan no tenemos muy claro qu\u00e9 hacer.. lo teniamos, pero el tiempo cambia y puede chafarnos los planes.. pero algo haremos. Lo que s\u00ed mantendremos a no ser que haya cambio de \u00faltima hora es seguir alguna etapa de la Vuelta al Pais Vasco. Es una pena teniendo el tiempazo que ha hecho aqu\u00ed en [&hellip;]<\/p>\n","protected":false},"author":1,"featured_media":0,"comment_status":"open","ping_status":"open","sticky":false,"template":"","format":"standard","meta":{"footnotes":""},"categories":[9],"tags":[128],"class_list":["post-475","post","type-post","status-publish","format-standard","hentry","category-diario","tag-diario"],"_links":{"self":[{"href":"https:\/\/www.itxaspe.com\/BlogsDeportes\/mujeres-deporte\/wp-json\/wp\/v2\/posts\/475","targetHints":{"allow":["GET"]}}],"collection":[{"href":"https:\/\/www.itxaspe.com\/BlogsDeportes\/mujeres-deporte\/wp-json\/wp\/v2\/posts"}],"about":[{"href":"https:\/\/www.itxaspe.com\/BlogsDeportes\/mujeres-deporte\/wp-json\/wp\/v2\/types\/post"}],"author":[{"embeddable":true,"href":"https:\/\/www.itxaspe.com\/BlogsDeportes\/mujeres-deporte\/wp-json\/wp\/v2\/users\/1"}],"replies":[{"embeddable":true,"href":"https:\/\/www.itxaspe.com\/BlogsDeportes\/mujeres-deporte\/wp-json\/wp\/v2\/comments?post=475"}],"version-history":[{"count":0,"href":"https:\/\/www.itxaspe.com\/BlogsDeportes\/mujeres-deporte\/wp-json\/wp\/v2\/posts\/475\/revisions"}],"wp:attachment":[{"href":"https:\/\/www.itxaspe.com\/BlogsDeportes\/mujeres-deporte\/wp-json\/wp\/v2\/media?parent=475"}],"wp:term":[{"taxonomy":"category","embeddable":true,"href":"https:\/\/www.itxaspe.com\/BlogsDeportes\/mujeres-deporte\/wp-json\/wp\/v2\/categories?post=475"},{"taxonomy":"post_tag","embeddable":true,"href":"https:\/\/www.itxaspe.com\/BlogsDeportes\/mujeres-deporte\/wp-json\/wp\/v2\/tags?post=475"}],"curies":[{"name":"wp","href":"https:\/\/api.w.org\/{rel}","templated":true}]}}