{"id":472,"date":"2012-03-27T18:22:32","date_gmt":"2012-03-27T18:22:32","guid":{"rendered":"http:\/\/blog.kisale.com\/mujeres-deporte\/?p=472"},"modified":"2012-03-27T18:22:32","modified_gmt":"2012-03-27T18:22:32","slug":"primer-dia-al-curro-y-a-una-reunion-en-bicicleta-cosas-a-corregir","status":"publish","type":"post","link":"https:\/\/www.itxaspe.com\/BlogsDeportes\/mujeres-deporte\/primer-dia-al-curro-y-a-una-reunion-en-bicicleta-cosas-a-corregir\/","title":{"rendered":"Primer d\u00eda al curro y a  una reuni\u00f3n en bicicleta. Cosas a corregir"},"content":{"rendered":"<p>Aprovechando los tiempazos que est\u00e1n haciendo, hoy hemos <strong>cogido la bici para ir al curro<\/strong>. Mira que no es algo a mencionar, porque tenemos el curro afortunadamente a menos de 2km, pero luego a la tarde ten\u00edamos una reuni\u00f3n en Eibar en Debegesa para ir preparando la <a title=\"Marcha BTT Debabarrena\" href=\"http:\/\/www.debabarrenaturismo.com\/es\/turismo_activo\/btt\/Marcha_BTT\">Marcha BTT Debabarrena<\/a> y as\u00ed evitabamos coger el coche.<\/p>\n<p>Primer d\u00eda y un poco despistada, falta de costumbre y eso&#8230;.. y he preparado las cosas seg\u00fan se me han ocurrido: zapatillas colgando fuera de la mochila, ropa de spinning(al mediod\u00eda sesi\u00f3n) en la mochila, casco, chaqueta para el frio de la ma\u00f1ana, zapatillas de BTT(las bicis que tenemos tienen <a title=\"Pedales Crank Brothers\" href=\"http:\/\/www.kisale.es\/b\/crankbrothers\">pedales Crank Brothers<\/a>\u00a0de los peques en los que es inc\u00f3modo ir con zapas normales) y a\u00a0las 8 menos 20 hemos salido de casa<\/p>\n<p><a title=\"Al curro en bici por itxaspe, en Flickr\" href=\"http:\/\/www.flickr.com\/photos\/48196942@N00\/7020027231\/\"><img loading=\"lazy\" decoding=\"async\" src=\"http:\/\/farm8.staticflickr.com\/7126\/7020027231_8f2bee55fe.jpg\" alt=\"Al curro en bici\" width=\"500\" height=\"375\" \/><\/a><\/p>\n<p>y en 5-10 minutos en el trabajo tranquilamente y agradeciendo la <a title=\"Chaqueta ciclismo para mujer Endura Stealth\" href=\"http:\/\/www.kisale.es\/endura-stealth-chaqueta-mujer\">chaqueta de mujer Endura Stealth<\/a> que he comprado hace poquillo y que tan bien sienta en invierno. Hac\u00eda fresquete&#8230;<\/p>\n<p><a title=\"2012-03-27 07.52.02 por itxaspe, en Flickr\" href=\"http:\/\/www.flickr.com\/photos\/48196942@N00\/7020058327\/\"><img loading=\"lazy\" decoding=\"async\" src=\"http:\/\/farm8.staticflickr.com\/7200\/7020058327_6e28328b5a.jpg\" alt=\"2012-03-27 07.52.02\" width=\"500\" height=\"375\" \/><\/a><\/p>\n<p>El problema ha venido a la tarde&#8230; seg\u00fan he ido a por la bici, Dios&#8230; que calorrrrr&#8230; y ahi es donde me he dado cuenta que he metido la pata y bien. Camiseta demasiado corta por debajo de un nicky que s\u00ed que es largo, pero tiene escote (casi nada para andar de normal, pero para ir en bici como que no). Vamos, acierto total para ir en 2 ruedas y por la carretera.. ;(<\/p>\n<p>He salido del curro con m\u00e1s de 25 grados dir\u00eda yo y una pedazo chaqueta de invierno puesta para evitar que se me viera \u00a0nada. Las cremalleras de las axilas bien abiertas para que entre un poco el viento y suave suave.. vamos m\u00e1s lento imposible.<\/p>\n<p>Otro fallo : vaqueros bien prietitos, vamos, que para pedalear lo mejor&#8230; para 2km a la ma\u00f1ana no pasa nada, pero para ir a Eibar (que tampoco es mucho mas menos mal.. ) hubiera \u00a0ido mucho mejor con otro tipo de ropa m\u00e1s holgadita..<\/p>\n<p><a title=\"Al curro en bici por itxaspe, en Flickr\" href=\"http:\/\/www.flickr.com\/photos\/48196942@N00\/6875412278\/\"><img loading=\"lazy\" decoding=\"async\" src=\"http:\/\/farm8.staticflickr.com\/7055\/6875412278_fb6ef81e11.jpg\" alt=\"Al curro en bici\" width=\"375\" height=\"500\" \/><\/a><\/p>\n<p>Se me han olvidado las gafas&#8230;. tampoco es que sea algo imprescindible, pero en carretera hay polvo y mejor que no entre nada en los \u00a0ojos.<\/p>\n<p>Consecuencias: he llegado toooda sudadita (por m\u00e1s lenta que he ido , con la chaqueta era imposible no sudar, jaja) y un poco apretada&#8230; Menos mal que ten\u00eda la toalla del spinning en la mochila y por lo menos he podido secarme un poquillo antes de entrar en la reuni\u00f3n. Si hubiera sido todo llano ni tan mal, pero si sab\u00e9is donde est\u00e1 Debegesa, sabr\u00e9is que la cuesta que hay para llegar hasta all\u00ed &#8230;. es un poco cuesta, jeje<\/p>\n<p>La vuelta mucho m\u00e1s agradable, ya no apretaba tanto el sol y adem\u00e1s era bajada casi todo el rato, nada que ver..<\/p>\n<p><strong>Novatadas del primer d\u00eda en bici al curro<\/strong>. Iremos mejorando, pensando mejor la ropa y con cosas m\u00e1s c\u00f3modas para disfrutar mientras pedaleo suave suave para llegar al destino..<\/p>\n<p>Pr\u00f3xima , el viernes al mediod\u00eda tenemos reuni\u00f3n de Kisale , asi que repetiremos .. ; )<\/p>\n<p>&nbsp;<\/p>\n<p>&nbsp;<\/p>\n","protected":false},"excerpt":{"rendered":"<p>Aprovechando los tiempazos que est\u00e1n haciendo, hoy hemos cogido la bici para ir al curro. Mira que no es algo a mencionar, porque tenemos el curro afortunadamente a menos de 2km, pero luego a la tarde ten\u00edamos una reuni\u00f3n en Eibar en Debegesa para ir preparando la Marcha BTT Debabarrena y as\u00ed evitabamos coger el [&hellip;]<\/p>\n","protected":false},"author":1,"featured_media":0,"comment_status":"open","ping_status":"open","sticky":false,"template":"","format":"standard","meta":{"footnotes":""},"categories":[3,7,26],"tags":[126,80,145],"class_list":["post-472","post","type-post","status-publish","format-standard","hentry","category-ciclismo","category-consejos","category-ropa","tag-consejos","tag-movilidad","tag-ropa"],"_links":{"self":[{"href":"https:\/\/www.itxaspe.com\/BlogsDeportes\/mujeres-deporte\/wp-json\/wp\/v2\/posts\/472","targetHints":{"allow":["GET"]}}],"collection":[{"href":"https:\/\/www.itxaspe.com\/BlogsDeportes\/mujeres-deporte\/wp-json\/wp\/v2\/posts"}],"about":[{"href":"https:\/\/www.itxaspe.com\/BlogsDeportes\/mujeres-deporte\/wp-json\/wp\/v2\/types\/post"}],"author":[{"embeddable":true,"href":"https:\/\/www.itxaspe.com\/BlogsDeportes\/mujeres-deporte\/wp-json\/wp\/v2\/users\/1"}],"replies":[{"embeddable":true,"href":"https:\/\/www.itxaspe.com\/BlogsDeportes\/mujeres-deporte\/wp-json\/wp\/v2\/comments?post=472"}],"version-history":[{"count":0,"href":"https:\/\/www.itxaspe.com\/BlogsDeportes\/mujeres-deporte\/wp-json\/wp\/v2\/posts\/472\/revisions"}],"wp:attachment":[{"href":"https:\/\/www.itxaspe.com\/BlogsDeportes\/mujeres-deporte\/wp-json\/wp\/v2\/media?parent=472"}],"wp:term":[{"taxonomy":"category","embeddable":true,"href":"https:\/\/www.itxaspe.com\/BlogsDeportes\/mujeres-deporte\/wp-json\/wp\/v2\/categories?post=472"},{"taxonomy":"post_tag","embeddable":true,"href":"https:\/\/www.itxaspe.com\/BlogsDeportes\/mujeres-deporte\/wp-json\/wp\/v2\/tags?post=472"}],"curies":[{"name":"wp","href":"https:\/\/api.w.org\/{rel}","templated":true}]}}