{"id":153,"date":"2010-12-22T22:25:30","date_gmt":"2010-12-22T22:25:30","guid":{"rendered":"http:\/\/blog.kisale.com\/mujeres-deporte\/?p=153"},"modified":"2010-12-22T22:25:30","modified_gmt":"2010-12-22T22:25:30","slug":"mujeres-premiadas-por-la-federacion-espanola-de-deportes-de-montana-y-escalada-del-ano-2010","status":"publish","type":"post","link":"https:\/\/www.itxaspe.com\/BlogsDeportes\/mujeres-deporte\/mujeres-premiadas-por-la-federacion-espanola-de-deportes-de-montana-y-escalada-del-ano-2010\/","title":{"rendered":"Mujeres premiadas por la Federaci\u00f3n Espa\u00f1ola de Deportes de Monta\u00f1a y Escalada del a\u00f1o 2010."},"content":{"rendered":"<p>Aqu\u00ed ten\u00e9is un enlace al <a href=\"http:\/\/mujeresdepyrenaica.blogspot.com\">blog de Mujeres de Pyrenaica<\/a>, donde pod\u00e9is ver los <a href=\"http:\/\/mujeresdepyrenaica.blogspot.com\/2010\/12\/premios-fedme-2010.html\">premios recibidos por mujeres en los premios FEDME 2010<\/a><\/p>\n<p><img loading=\"lazy\" decoding=\"async\" class=\"alignnone\" title=\"Mujeres y Pyrenaica\" src=\"http:\/\/4.bp.blogspot.com\/_A3JjMpB41W8\/TBe4ZvR4nvI\/AAAAAAAAAXA\/MQd3d_0BZvE\/S740\/Cabecera.jpg\" alt=\"\" width=\"740\" height=\"101\" \/><\/p>\n","protected":false},"excerpt":{"rendered":"<p>Aqu\u00ed ten\u00e9is un enlace al blog de Mujeres de Pyrenaica, donde pod\u00e9is ver los premios recibidos por mujeres en los premios FEDME 2010<\/p>\n","protected":false},"author":1,"featured_media":0,"comment_status":"open","ping_status":"open","sticky":false,"template":"","format":"standard","meta":{"footnotes":""},"categories":[6],"tags":[125],"class_list":["post-153","post","type-post","status-publish","format-standard","hentry","category-con-nombre-propio","tag-con-nombre-propio"],"_links":{"self":[{"href":"https:\/\/www.itxaspe.com\/BlogsDeportes\/mujeres-deporte\/wp-json\/wp\/v2\/posts\/153","targetHints":{"allow":["GET"]}}],"collection":[{"href":"https:\/\/www.itxaspe.com\/BlogsDeportes\/mujeres-deporte\/wp-json\/wp\/v2\/posts"}],"about":[{"href":"https:\/\/www.itxaspe.com\/BlogsDeportes\/mujeres-deporte\/wp-json\/wp\/v2\/types\/post"}],"author":[{"embeddable":true,"href":"https:\/\/www.itxaspe.com\/BlogsDeportes\/mujeres-deporte\/wp-json\/wp\/v2\/users\/1"}],"replies":[{"embeddable":true,"href":"https:\/\/www.itxaspe.com\/BlogsDeportes\/mujeres-deporte\/wp-json\/wp\/v2\/comments?post=153"}],"version-history":[{"count":0,"href":"https:\/\/www.itxaspe.com\/BlogsDeportes\/mujeres-deporte\/wp-json\/wp\/v2\/posts\/153\/revisions"}],"wp:attachment":[{"href":"https:\/\/www.itxaspe.com\/BlogsDeportes\/mujeres-deporte\/wp-json\/wp\/v2\/media?parent=153"}],"wp:term":[{"taxonomy":"category","embeddable":true,"href":"https:\/\/www.itxaspe.com\/BlogsDeportes\/mujeres-deporte\/wp-json\/wp\/v2\/categories?post=153"},{"taxonomy":"post_tag","embeddable":true,"href":"https:\/\/www.itxaspe.com\/BlogsDeportes\/mujeres-deporte\/wp-json\/wp\/v2\/tags?post=153"}],"curies":[{"name":"wp","href":"https:\/\/api.w.org\/{rel}","templated":true}]}}