{"id":1289,"date":"2017-04-27T19:16:04","date_gmt":"2017-04-27T19:16:04","guid":{"rendered":"http:\/\/www.itxaspe.com\/BlogsDeportes\/mujeres-deporte\/?p=1289"},"modified":"2017-04-27T19:16:04","modified_gmt":"2017-04-27T19:16:04","slug":"culottes-de-ciclismo-para-mujer-maloja-bergkleem","status":"publish","type":"post","link":"https:\/\/www.itxaspe.com\/BlogsDeportes\/mujeres-deporte\/culottes-de-ciclismo-para-mujer-maloja-bergkleem\/","title":{"rendered":"Culottes de ciclismo para mujer Maloja BergkleeM."},"content":{"rendered":"<p>Hoy nos acaba de llegar nuestro pedido de la <strong>colecci\u00f3n de verano 2017 de Maloja<\/strong>. Esta temporada y para bici s\u00f3lo he pedido un culotte corto (y luego tambi\u00e9n algo de ropa de calle) e I\u00f1aki un maillot sin mangas y tambi\u00e9n algo de ropa de calle.<\/p>\n<p>Llevo usando esta marca\u00a0como culottes hace ya bastantes a\u00f1os y estoy muy a gusto con la badana que tiene. Aunque a\u00fan tengo unos cu\u00e1ntos culottes cortos de itxaspe, siempre que est\u00e1n disponibles salgo con Maloja.<\/p>\n<p>Aqu\u00ed est\u00e1 el nuevo, es el <a href=\"http:\/\/www.maloja.de\/collection\/summer2017\/article.php?c=1,4,33,117\">culotte corto de mujer Maloja BergkleeM<\/a> . Y seg\u00fan lo he recibido me ha encantado. Lo que si me he dado cuenta es que este modelo es mucho m\u00e1s peque\u00f1ito que en otras colecciones, tanto en tallaje como en largura, y si me gustaban antes, a\u00fan me ha gustado m\u00e1s&#8230;<br \/>\n<a title=\"2017-04-27_09-08-27\" href=\"https:\/\/www.flickr.com\/photos\/48196942@N00\/34175798801\/in\/dateposted\/\" data-flickr-embed=\"true\"><img loading=\"lazy\" decoding=\"async\" src=\"https:\/\/c1.staticflickr.com\/3\/2892\/34175798801_176cbed276_z.jpg\" alt=\"2017-04-27_09-08-27\" width=\"640\" height=\"640\" \/><\/a><\/p>\n<p>Aqu\u00ed ten\u00e9is una foto del culotte sacada de la web de Maloja. En nada y en cuanto salga en carretera, estrenar\u00e9 el mio y ya sacar\u00e9 fotos.<\/p>\n<div style=\"width: 569px\" class=\"wp-caption alignnone\"><img loading=\"lazy\" decoding=\"async\" class=\"size-medium\" src=\"http:\/\/www.maloja.de\/collection\/summer2017\/media\/products\/images\/emotion_shots\/562x838\/Maloja_beyond_the_mountains-23174.jpg\" width=\"559\" height=\"838\" \/><p class=\"wp-caption-text\">Culottes Maloja BergkleeM foto de www.maloja.de<\/p><\/div>\n<p>La primera impresi\u00f3n es que es un culotte muy muy c\u00f3modo y adem\u00e1s con un dise\u00f1o alegre y diferente.<\/p>\n<p>\u00a1I love Maloja! <a href=\"https:\/\/www.flickr.com\/photos\/48196942@N00\/albums\/72157617874801849\">https:\/\/www.flickr.com\/photos\/48196942@N00\/albums\/72157617874801849<\/a><\/p>\n<p>&nbsp;<\/p>\n","protected":false},"excerpt":{"rendered":"<p>Hoy nos acaba de llegar nuestro pedido de la colecci\u00f3n de verano 2017 de Maloja. Esta temporada y para bici s\u00f3lo he pedido un culotte corto (y luego tambi\u00e9n algo de ropa de calle) e I\u00f1aki un maillot sin mangas y tambi\u00e9n algo de ropa de calle. Llevo usando esta marca\u00a0como culottes hace ya bastantes [&hellip;]<\/p>\n","protected":false},"author":1,"featured_media":0,"comment_status":"open","ping_status":"open","sticky":false,"template":"","format":"standard","meta":{"footnotes":""},"categories":[3,4,9,18,26],"tags":[122,123,74,76,145],"class_list":["post-1289","post","type-post","status-publish","format-standard","hentry","category-ciclismo","category-ciclismo-carretera","category-diario","category-material","category-ropa","tag-ciclismo","tag-ciclismo-carretera","tag-maloja","tag-marcas","tag-ropa"],"_links":{"self":[{"href":"https:\/\/www.itxaspe.com\/BlogsDeportes\/mujeres-deporte\/wp-json\/wp\/v2\/posts\/1289","targetHints":{"allow":["GET"]}}],"collection":[{"href":"https:\/\/www.itxaspe.com\/BlogsDeportes\/mujeres-deporte\/wp-json\/wp\/v2\/posts"}],"about":[{"href":"https:\/\/www.itxaspe.com\/BlogsDeportes\/mujeres-deporte\/wp-json\/wp\/v2\/types\/post"}],"author":[{"embeddable":true,"href":"https:\/\/www.itxaspe.com\/BlogsDeportes\/mujeres-deporte\/wp-json\/wp\/v2\/users\/1"}],"replies":[{"embeddable":true,"href":"https:\/\/www.itxaspe.com\/BlogsDeportes\/mujeres-deporte\/wp-json\/wp\/v2\/comments?post=1289"}],"version-history":[{"count":1,"href":"https:\/\/www.itxaspe.com\/BlogsDeportes\/mujeres-deporte\/wp-json\/wp\/v2\/posts\/1289\/revisions"}],"predecessor-version":[{"id":1290,"href":"https:\/\/www.itxaspe.com\/BlogsDeportes\/mujeres-deporte\/wp-json\/wp\/v2\/posts\/1289\/revisions\/1290"}],"wp:attachment":[{"href":"https:\/\/www.itxaspe.com\/BlogsDeportes\/mujeres-deporte\/wp-json\/wp\/v2\/media?parent=1289"}],"wp:term":[{"taxonomy":"category","embeddable":true,"href":"https:\/\/www.itxaspe.com\/BlogsDeportes\/mujeres-deporte\/wp-json\/wp\/v2\/categories?post=1289"},{"taxonomy":"post_tag","embeddable":true,"href":"https:\/\/www.itxaspe.com\/BlogsDeportes\/mujeres-deporte\/wp-json\/wp\/v2\/tags?post=1289"}],"curies":[{"name":"wp","href":"https:\/\/api.w.org\/{rel}","templated":true}]}}