{"id":1206,"date":"2015-01-28T16:39:19","date_gmt":"2015-01-28T16:39:19","guid":{"rendered":"http:\/\/www.itxaspe.com\/BlogsDeportes\/mujeres-deporte\/?p=1206"},"modified":"2015-01-28T16:41:21","modified_gmt":"2015-01-28T16:41:21","slug":"camiseta-de-esqui-de-fondo-de-mujer-quechua-cv-900","status":"publish","type":"post","link":"https:\/\/www.itxaspe.com\/BlogsDeportes\/mujeres-deporte\/camiseta-de-esqui-de-fondo-de-mujer-quechua-cv-900\/","title":{"rendered":"Camiseta de esqu\u00ed de fondo de mujer Quechua CV 900"},"content":{"rendered":"<p>Hace unas semanas aprovechando que pasabamos por una tienda Decathlon de camino a esquiar, dimos una vuelta y nos sorprendimos al ver que ten\u00edan una secci\u00f3n de esqu\u00ed de fondo. Si no recordamos mal anteriormente no la hab\u00edamos visto.. \u00a1est\u00e1 claro que el esqu\u00ed de fondo cada vez tiena m\u00e1s adeptos, y si no que se lo digan a las pistas de Somport a\u00a0las que cada a\u00f1o m\u00e1s gente se acerca!<\/p>\n<p>Y hab\u00eda una prenda que me llam\u00f3 la atenci\u00f3n para esqu\u00ed de fondo de mujer. Es esta camiseta:\u00a0<a title=\"http:\/\/www.decathlon.es\/prenda-interior-cv-900-mujer-id_8316959.html\" href=\"http:\/\/www.decathlon.es\/prenda-interior-cv-900-mujer-id_8316959.html\">Camiseta de esqu\u00ed de fondo de mujer Quechua CV 900<\/a><\/p>\n<p>\u00bfPor qu\u00e9 me llam\u00f3 la atenci\u00f3n? Por que es una camiseta con un frente cortavientos, similar a una Craft que utilizamos tanto I\u00f1aki como yo hace a\u00f1os en esqu\u00ed de fondo o en bicicleta los d\u00edas que hace mucho frio.<\/p>\n<div style=\"width: 560px\" class=\"wp-caption alignnone\"><img decoding=\"async\" class=\"\" src=\"http:\/\/www.decathlon.es\/media\/831\/8316959\/big_96a1cfabe8944be185a5a65cd2bf5dcd.jpg\" alt=\"\" width=\"550\" \/><p class=\"wp-caption-text\">Foto de la web de Decathlon<\/p><\/div>\n<p>La verdad es que es similar en cuanto a que tiene el frente cortavientos, ya que en dise\u00f1o esta de Decathl\u00f3n es mucho m\u00e1s bonita y est\u00e1 muy bien para poderla llevar por fuera tranquilamente. En funcionalidad no tengo ni idea, no la he utilizado, pero seguro que est\u00e1 bien.<\/p>\n<p>\u00bfel futuro reemplazo de la Craft? Tengo 3 iguales (dos en azul y una en negra) y todav\u00eda les queda uso.. pero qui\u00e9n sabe. Si alguien la tiene, ya sab\u00e9is.. a dejar comentarios.. \ud83d\ude09<\/p>\n","protected":false},"excerpt":{"rendered":"<p>Hace unas semanas aprovechando que pasabamos por una tienda Decathlon de camino a esquiar, dimos una vuelta y nos sorprendimos al ver que ten\u00edan una secci\u00f3n de esqu\u00ed de fondo. Si no recordamos mal anteriormente no la hab\u00edamos visto.. \u00a1est\u00e1 claro que el esqu\u00ed de fondo cada vez tiena m\u00e1s adeptos, y si no que [&hellip;]<\/p>\n","protected":false},"author":1,"featured_media":0,"comment_status":"open","ping_status":"open","sticky":false,"template":"","format":"standard","meta":{"footnotes":""},"categories":[12,26],"tags":[119,131,76,118,145],"class_list":["post-1206","post","type-post","status-publish","format-standard","hentry","category-esqui-fondo","category-ropa","tag-decathlon","tag-esqui-fondo","tag-marcas","tag-quechua","tag-ropa"],"_links":{"self":[{"href":"https:\/\/www.itxaspe.com\/BlogsDeportes\/mujeres-deporte\/wp-json\/wp\/v2\/posts\/1206","targetHints":{"allow":["GET"]}}],"collection":[{"href":"https:\/\/www.itxaspe.com\/BlogsDeportes\/mujeres-deporte\/wp-json\/wp\/v2\/posts"}],"about":[{"href":"https:\/\/www.itxaspe.com\/BlogsDeportes\/mujeres-deporte\/wp-json\/wp\/v2\/types\/post"}],"author":[{"embeddable":true,"href":"https:\/\/www.itxaspe.com\/BlogsDeportes\/mujeres-deporte\/wp-json\/wp\/v2\/users\/1"}],"replies":[{"embeddable":true,"href":"https:\/\/www.itxaspe.com\/BlogsDeportes\/mujeres-deporte\/wp-json\/wp\/v2\/comments?post=1206"}],"version-history":[{"count":1,"href":"https:\/\/www.itxaspe.com\/BlogsDeportes\/mujeres-deporte\/wp-json\/wp\/v2\/posts\/1206\/revisions"}],"predecessor-version":[{"id":1207,"href":"https:\/\/www.itxaspe.com\/BlogsDeportes\/mujeres-deporte\/wp-json\/wp\/v2\/posts\/1206\/revisions\/1207"}],"wp:attachment":[{"href":"https:\/\/www.itxaspe.com\/BlogsDeportes\/mujeres-deporte\/wp-json\/wp\/v2\/media?parent=1206"}],"wp:term":[{"taxonomy":"category","embeddable":true,"href":"https:\/\/www.itxaspe.com\/BlogsDeportes\/mujeres-deporte\/wp-json\/wp\/v2\/categories?post=1206"},{"taxonomy":"post_tag","embeddable":true,"href":"https:\/\/www.itxaspe.com\/BlogsDeportes\/mujeres-deporte\/wp-json\/wp\/v2\/tags?post=1206"}],"curies":[{"name":"wp","href":"https:\/\/api.w.org\/{rel}","templated":true}]}}