{"id":1204,"date":"2015-01-28T14:00:07","date_gmt":"2015-01-28T14:00:07","guid":{"rendered":"http:\/\/www.itxaspe.com\/BlogsDeportes\/mujeres-deporte\/?p=1204"},"modified":"2015-01-28T14:00:07","modified_gmt":"2015-01-28T14:00:07","slug":"dori-ruano-directora-deportiva-del-lointek","status":"publish","type":"post","link":"https:\/\/www.itxaspe.com\/BlogsDeportes\/mujeres-deporte\/dori-ruano-directora-deportiva-del-lointek\/","title":{"rendered":"Dori Ruano directora deportiva del Lointek"},"content":{"rendered":"<div class=\"txtnoti\">\n<p>Varias veces son ya en las que <strong>Dori Ruano<\/strong> ha tomado protagonismo sin quererlo en este blog. Y no todas han sido despu\u00e9s de conocerla en persona, sino porque es alguien\u00a0que se lo est\u00e1 currando y mucho en el \u00e1mbito de<strong> ciclismo y de la mujer<\/strong>.<\/p>\n<div style=\"width: 385px\" class=\"wp-caption alignnone\"><img loading=\"lazy\" decoding=\"async\" class=\"\" src=\"http:\/\/farm8.staticflickr.com\/7293\/9898799766_f997e563cc.jpg\" alt=\"\" width=\"375\" height=\"500\" \/><p class=\"wp-caption-text\">Dori Ruano en Marcha Cicloturista Pirineos del 2013<\/p><\/div>\n<p>En esta ocasi\u00f3n tan s\u00f3lo escribo para comentar que Dori ser\u00e1 la nueva <strong>directora deportiva<\/strong> del equipo ciclista UCI femenino Lointek Team.<\/p>\n<div style=\"width: 560px\" class=\"wp-caption alignnone\"><img decoding=\"async\" class=\"\" src=\"http:\/\/www.lointekteam.es\/img\/fotale\/ale4.jpg\" alt=\"\" width=\"550\" \/><p class=\"wp-caption-text\">Logo del Lointek Team (cogido de su web)<\/p><\/div>\n<p>Pod\u00e9is seguir las noticias del equipo bien en su web, en twitter o por Facebook en las siguientes direcciones.<\/p>\n<ul>\n<li><a title=\"http:\/\/www.lointekteam.es\/\" href=\"http:\/\/www.lointekteam.es\/\">http:\/\/www.lointekteam.es\/<\/a><\/li>\n<li><a title=\"https:\/\/twitter.com\/LointekTeam\" href=\"https:\/\/twitter.com\/LointekTeam\">https:\/\/twitter.com\/LointekTeam<\/a><\/li>\n<li><a title=\"https:\/\/www.facebook.com\/lointekteam\" href=\"https:\/\/www.facebook.com\/lointekteam\">https:\/\/www.facebook.com\/lointekteam<\/a><\/li>\n<\/ul>\n<p>\u00a1Much\u00edsima suerte Dori con tu nueva andadura! \u00a1seguro que lo haces genial!<\/p>\n<\/div>\n","protected":false},"excerpt":{"rendered":"<p>Varias veces son ya en las que Dori Ruano ha tomado protagonismo sin quererlo en este blog. Y no todas han sido despu\u00e9s de conocerla en persona, sino porque es alguien\u00a0que se lo est\u00e1 currando y mucho en el \u00e1mbito de ciclismo y de la mujer. En esta ocasi\u00f3n tan s\u00f3lo escribo para comentar que [&hellip;]<\/p>\n","protected":false},"author":1,"featured_media":0,"comment_status":"open","ping_status":"open","sticky":false,"template":"","format":"standard","meta":{"footnotes":""},"categories":[3,4,6],"tags":[122,123,125,56],"class_list":["post-1204","post","type-post","status-publish","format-standard","hentry","category-ciclismo","category-ciclismo-carretera","category-con-nombre-propio","tag-ciclismo","tag-ciclismo-carretera","tag-con-nombre-propio","tag-dori-ruano"],"_links":{"self":[{"href":"https:\/\/www.itxaspe.com\/BlogsDeportes\/mujeres-deporte\/wp-json\/wp\/v2\/posts\/1204","targetHints":{"allow":["GET"]}}],"collection":[{"href":"https:\/\/www.itxaspe.com\/BlogsDeportes\/mujeres-deporte\/wp-json\/wp\/v2\/posts"}],"about":[{"href":"https:\/\/www.itxaspe.com\/BlogsDeportes\/mujeres-deporte\/wp-json\/wp\/v2\/types\/post"}],"author":[{"embeddable":true,"href":"https:\/\/www.itxaspe.com\/BlogsDeportes\/mujeres-deporte\/wp-json\/wp\/v2\/users\/1"}],"replies":[{"embeddable":true,"href":"https:\/\/www.itxaspe.com\/BlogsDeportes\/mujeres-deporte\/wp-json\/wp\/v2\/comments?post=1204"}],"version-history":[{"count":1,"href":"https:\/\/www.itxaspe.com\/BlogsDeportes\/mujeres-deporte\/wp-json\/wp\/v2\/posts\/1204\/revisions"}],"predecessor-version":[{"id":1205,"href":"https:\/\/www.itxaspe.com\/BlogsDeportes\/mujeres-deporte\/wp-json\/wp\/v2\/posts\/1204\/revisions\/1205"}],"wp:attachment":[{"href":"https:\/\/www.itxaspe.com\/BlogsDeportes\/mujeres-deporte\/wp-json\/wp\/v2\/media?parent=1204"}],"wp:term":[{"taxonomy":"category","embeddable":true,"href":"https:\/\/www.itxaspe.com\/BlogsDeportes\/mujeres-deporte\/wp-json\/wp\/v2\/categories?post=1204"},{"taxonomy":"post_tag","embeddable":true,"href":"https:\/\/www.itxaspe.com\/BlogsDeportes\/mujeres-deporte\/wp-json\/wp\/v2\/tags?post=1204"}],"curies":[{"name":"wp","href":"https:\/\/api.w.org\/{rel}","templated":true}]}}