{"id":1085,"date":"2014-04-01T20:30:20","date_gmt":"2014-04-01T20:30:20","guid":{"rendered":"http:\/\/blog.kisale.com\/mujeres-deporte\/?p=1085"},"modified":"2014-04-01T20:30:20","modified_gmt":"2014-04-01T20:30:20","slug":"iv-travesia-btt-lasarte-oria-6-abril-2014-animo-chicas","status":"publish","type":"post","link":"https:\/\/www.itxaspe.com\/BlogsDeportes\/mujeres-deporte\/iv-travesia-btt-lasarte-oria-6-abril-2014-animo-chicas\/","title":{"rendered":"IV Traves\u00eda BTT Lasarte-Oria. 6 Abril 2014 \u00a1Animo chicas!"},"content":{"rendered":"<p>Este domingo en <strong>Lasarte-Oria<\/strong> hay una marcha BTT a la que est\u00e1n intentando animar a chicas. Se me ha colado poneros, pero a las f\u00e9minas que estuvieran preinscritas antes de ayer ten\u00edan un<strong> obsequio adicional para fomentar la partipaci\u00f3n femenina<\/strong>.<\/p>\n<p><img loading=\"lazy\" decoding=\"async\" alt=\"\" src=\"http:\/\/farm8.staticflickr.com\/7304\/13131879245_52abc94afe.jpg\" width=\"345\" height=\"500\" \/><\/p>\n<p>Siempre digo que <strong>no apoyo los eventos que hacen s\u00f3lo y exclusivamente para mujeres<\/strong> (aunque entiendo que algunos de ellos pueden ser la entrada al deporte de muchas de ellas), pero sin duda este tipo de incentimvos me parecen muy acertados: <strong>el evento es mixto<\/strong> y como siempre habr\u00e1 much\u00edsima m\u00e1s participaci\u00f3n masculina&#8230; <strong>con esto intentan acercarnos a m\u00e1s mujeres a este tipo de deporte<\/strong> (\u00a1el que m\u00e1s me gusta adem\u00e1s!)<\/p>\n<p>He preguntado el recorrido y aqu\u00ed os va la explicaci\u00f3n que me han dado de los recorridos:<\/p>\n<blockquote><p>El recorrido corto, que no llega a los 30km no es muy t\u00e9cnico. Hacia el final se pone un poco m\u00e1s exigente. Pero no entra\u00f1a m\u00e1s dificultad que ninguna otra prueba. Es casi ciclable al 100 \u2030 de verdad. Luego el recorrido largo si que entra\u00f1a algo m\u00e1s de dificultad t\u00e9cnica. Es una continuidad del corto, que le suman unos 6km m\u00e1s aproximadamente.<\/p><\/blockquote>\n<ul>\n<li>Desnivel: Corto 800-900m. 29km<\/li>\n<li>Largo 1200m 35km<\/li>\n<\/ul>\n<p>Inscripciones en : <a title=\"http:\/\/www.kirolprobak.com\/competicion_ficha.php?id=1024\" href=\"http:\/\/www.kirolprobak.com\/competicion_ficha.php?id=1024\">http:\/\/www.kirolprobak.com\/competicion_ficha.php?id=1024<\/a><\/p>\n<p>El perfil y m\u00e1s info en la p\u00e1gina de Facebook:<a title=\"https:\/\/www.facebook.com\/pages\/4-Trabesia-BTT-Lasarte-Oria\/134933180000963\" href=\"https:\/\/www.facebook.com\/pages\/4-Trabesia-BTT-Lasarte-Oria\/134933180000963\"> https:\/\/www.facebook.com\/pages\/4-Trabesia-BTT-Lasarte-Oria\/134933180000963<\/a><\/p>\n<p>\u00a1Animaros! \ud83d\ude09 Si and\u00e1is en monte, ya sab\u00e9is.. y si no.. a empezar para participar el a\u00f1o que viene.. \ud83d\ude09<\/p>\n<p>Esta tarde hemos dado una vuelta en monte y es la bomba.. \ud83d\ude09 Sin duda me gusta todo tipo de deporte, pero este es el que m\u00e1s.<br \/>\n<a title=\"Sin t\u00edtulo por itxaspe, en Flickr\" href=\"https:\/\/www.flickr.com\/photos\/48196942@N00\/13567550785\/\"><img loading=\"lazy\" decoding=\"async\" alt=\"Sin t\u00edtulo\" src=\"https:\/\/farm3.staticflickr.com\/2881\/13567550785_4d4a2f79da.jpg\" width=\"375\" height=\"500\" \/><\/a><\/p>\n","protected":false},"excerpt":{"rendered":"<p>Este domingo en Lasarte-Oria hay una marcha BTT a la que est\u00e1n intentando animar a chicas. Se me ha colado poneros, pero a las f\u00e9minas que estuvieran preinscritas antes de ayer ten\u00edan un obsequio adicional para fomentar la partipaci\u00f3n femenina. Siempre digo que no apoyo los eventos que hacen s\u00f3lo y exclusivamente para mujeres (aunque [&hellip;]<\/p>\n","protected":false},"author":1,"featured_media":0,"comment_status":"open","ping_status":"open","sticky":false,"template":"","format":"standard","meta":{"footnotes":""},"categories":[3,13,20],"tags":[122,132,139],"class_list":["post-1085","post","type-post","status-publish","format-standard","hentry","category-ciclismo","category-eventos","category-mountain-bike","tag-ciclismo","tag-eventos","tag-mountain-bike"],"_links":{"self":[{"href":"https:\/\/www.itxaspe.com\/BlogsDeportes\/mujeres-deporte\/wp-json\/wp\/v2\/posts\/1085","targetHints":{"allow":["GET"]}}],"collection":[{"href":"https:\/\/www.itxaspe.com\/BlogsDeportes\/mujeres-deporte\/wp-json\/wp\/v2\/posts"}],"about":[{"href":"https:\/\/www.itxaspe.com\/BlogsDeportes\/mujeres-deporte\/wp-json\/wp\/v2\/types\/post"}],"author":[{"embeddable":true,"href":"https:\/\/www.itxaspe.com\/BlogsDeportes\/mujeres-deporte\/wp-json\/wp\/v2\/users\/1"}],"replies":[{"embeddable":true,"href":"https:\/\/www.itxaspe.com\/BlogsDeportes\/mujeres-deporte\/wp-json\/wp\/v2\/comments?post=1085"}],"version-history":[{"count":0,"href":"https:\/\/www.itxaspe.com\/BlogsDeportes\/mujeres-deporte\/wp-json\/wp\/v2\/posts\/1085\/revisions"}],"wp:attachment":[{"href":"https:\/\/www.itxaspe.com\/BlogsDeportes\/mujeres-deporte\/wp-json\/wp\/v2\/media?parent=1085"}],"wp:term":[{"taxonomy":"category","embeddable":true,"href":"https:\/\/www.itxaspe.com\/BlogsDeportes\/mujeres-deporte\/wp-json\/wp\/v2\/categories?post=1085"},{"taxonomy":"post_tag","embeddable":true,"href":"https:\/\/www.itxaspe.com\/BlogsDeportes\/mujeres-deporte\/wp-json\/wp\/v2\/tags?post=1085"}],"curies":[{"name":"wp","href":"https:\/\/api.w.org\/{rel}","templated":true}]}}