{"id":1080,"date":"2014-03-23T12:17:19","date_gmt":"2014-03-23T12:17:19","guid":{"rendered":"http:\/\/blog.kisale.com\/mujeres-deporte\/?p=1080"},"modified":"2014-03-23T12:17:19","modified_gmt":"2014-03-23T12:17:19","slug":"mujeres-y-deporte-ainhoa-murua-y-leire-olaberria-en-azkoitia-28-marzo-2014","status":"publish","type":"post","link":"https:\/\/www.itxaspe.com\/BlogsDeportes\/mujeres-deporte\/mujeres-y-deporte-ainhoa-murua-y-leire-olaberria-en-azkoitia-28-marzo-2014\/","title":{"rendered":"Mujeres y deporte: Ainhoa Murua y Leire Olaberria en Azkoitia. 28 Marzo 2014"},"content":{"rendered":"<p>El pr\u00f3ximo viernes a las 19:00 en Azkoitia habr\u00e1 una charla con la tem\u00e1tica\u00a0 \u00abMujeres y deporte\u00bb, en la que estar\u00e1n Ainhoa Murua (Triatleta profesional) y Leire Olaberria (Ciclista profesional). En ella nos contar\u00e1n sus vivencias<\/p>\n<p><a title=\"Emakumeak eta kirola por itxaspe, en Flickr\" href=\"https:\/\/www.flickr.com\/photos\/48196942@N00\/13351580494\/\"><img loading=\"lazy\" decoding=\"async\" alt=\"Emakumeak eta kirola\" src=\"https:\/\/farm3.staticflickr.com\/2854\/13351580494_9cc4bff596.jpg\" width=\"330\" height=\"500\" \/><\/a><\/p>\n<p>Si alguien quiere hacerles alguna pregunta, que la escriban en esta foto de Facebook (<a title=\"https:\/\/www.facebook.com\/photo.php?fbid=10153946719805650&amp;set=np.78989568.1076775086&amp;type=1\" href=\"https:\/\/www.facebook.com\/photo.php?fbid=10153946719805650&amp;set=np.78989568.1076775086&amp;type=1\">https:\/\/www.facebook.com\/photo.php?fbid=10153946719805650&amp;set=np.78989568.1076775086&amp;type=1<\/a>) y se le pasar\u00e1n las preguntas al moderador Agustin Gartzia<\/p>\n","protected":false},"excerpt":{"rendered":"<p>El pr\u00f3ximo viernes a las 19:00 en Azkoitia habr\u00e1 una charla con la tem\u00e1tica\u00a0 \u00abMujeres y deporte\u00bb, en la que estar\u00e1n Ainhoa Murua (Triatleta profesional) y Leire Olaberria (Ciclista profesional). En ella nos contar\u00e1n sus vivencias Si alguien quiere hacerles alguna pregunta, que la escriban en esta foto de Facebook (https:\/\/www.facebook.com\/photo.php?fbid=10153946719805650&amp;set=np.78989568.1076775086&amp;type=1) y se le pasar\u00e1n [&hellip;]<\/p>\n","protected":false},"author":1,"featured_media":0,"comment_status":"open","ping_status":"open","sticky":false,"template":"","format":"standard","meta":{"footnotes":""},"categories":[3,6,13,35],"tags":[122,125,132,154],"class_list":["post-1080","post","type-post","status-publish","format-standard","hentry","category-ciclismo","category-con-nombre-propio","category-eventos","category-triatlon","tag-ciclismo","tag-con-nombre-propio","tag-eventos","tag-triatlon"],"_links":{"self":[{"href":"https:\/\/www.itxaspe.com\/BlogsDeportes\/mujeres-deporte\/wp-json\/wp\/v2\/posts\/1080","targetHints":{"allow":["GET"]}}],"collection":[{"href":"https:\/\/www.itxaspe.com\/BlogsDeportes\/mujeres-deporte\/wp-json\/wp\/v2\/posts"}],"about":[{"href":"https:\/\/www.itxaspe.com\/BlogsDeportes\/mujeres-deporte\/wp-json\/wp\/v2\/types\/post"}],"author":[{"embeddable":true,"href":"https:\/\/www.itxaspe.com\/BlogsDeportes\/mujeres-deporte\/wp-json\/wp\/v2\/users\/1"}],"replies":[{"embeddable":true,"href":"https:\/\/www.itxaspe.com\/BlogsDeportes\/mujeres-deporte\/wp-json\/wp\/v2\/comments?post=1080"}],"version-history":[{"count":0,"href":"https:\/\/www.itxaspe.com\/BlogsDeportes\/mujeres-deporte\/wp-json\/wp\/v2\/posts\/1080\/revisions"}],"wp:attachment":[{"href":"https:\/\/www.itxaspe.com\/BlogsDeportes\/mujeres-deporte\/wp-json\/wp\/v2\/media?parent=1080"}],"wp:term":[{"taxonomy":"category","embeddable":true,"href":"https:\/\/www.itxaspe.com\/BlogsDeportes\/mujeres-deporte\/wp-json\/wp\/v2\/categories?post=1080"},{"taxonomy":"post_tag","embeddable":true,"href":"https:\/\/www.itxaspe.com\/BlogsDeportes\/mujeres-deporte\/wp-json\/wp\/v2\/tags?post=1080"}],"curies":[{"name":"wp","href":"https:\/\/api.w.org\/{rel}","templated":true}]}}