{"id":73,"date":"2015-03-26T14:48:01","date_gmt":"2015-03-26T14:48:01","guid":{"rendered":"http:\/\/www.itxaspe.com\/BlogsDeportes\/itxaspe-pitxiak\/?p=73"},"modified":"2015-03-26T14:48:01","modified_gmt":"2015-03-26T14:48:01","slug":"adornando-pantalones-vaqueros-con-eslabones-de-cadena-de-bicicleta-reciclados","status":"publish","type":"post","link":"https:\/\/www.itxaspe.com\/BlogsDeportes\/itxaspe-pitxiak\/adornando-pantalones-vaqueros-con-eslabones-de-cadena-de-bicicleta-reciclados\/","title":{"rendered":"Adornando pantalones vaqueros con eslabones de cadena de bicicleta reciclados"},"content":{"rendered":"<p>Esta tarde me he puesto manos a la obra con un pantal\u00f3n vaqueros que me encanta y que est\u00e1 poco menos que cay\u00e9ndose a cachos..<\/p>\n<p>Hace unos meses le hice un arreglo, pero se hab\u00eda seguido rompiendo por otro lados, as\u00ed que o a la basura o a intentar hacer algo..<\/p>\n<p>Tengo guardados cachos de otros vaqueros que he cortado para verano, y aunque no son iguales, no quedar\u00e1 mal..<\/p>\n<p><a title=\"20150326_141114_1 by Koro Gabiola Colina, on Flickr\" href=\"https:\/\/www.flickr.com\/photos\/48196942@N00\/16936663285\"><img loading=\"lazy\" decoding=\"async\" src=\"https:\/\/farm8.staticflickr.com\/7595\/16936663285_26bd68f0b7.jpg\" alt=\"20150326_141114_1\" width=\"500\" height=\"315\" \/><\/a><\/p>\n<p>Tras una seria en ingl\u00e9s en el ordenador mientras coso un poco, ya est\u00e1n \u00abarreglados\u00bb.. m\u00e1s bien puesto un petacho a lo burro, pero que personalmente hasta me gusta.. \ud83d\ude09<\/p>\n<p><a title=\"20150326_154154_1 by Koro Gabiola Colina, on Flickr\" href=\"https:\/\/www.flickr.com\/photos\/48196942@N00\/16750460779\"><img loading=\"lazy\" decoding=\"async\" src=\"https:\/\/farm9.staticflickr.com\/8737\/16750460779_92fe3e2845.jpg\" alt=\"20150326_154154_1\" width=\"270\" height=\"500\" \/><\/a><\/p>\n<p>y ya que estaba con ellos, les he puesto un par de eslabones en la zona del cintur\u00f3n..<\/p>\n<p><a title=\"20150326_154039_1 by Koro Gabiola Colina, on Flickr\" href=\"https:\/\/www.flickr.com\/photos\/48196942@N00\/16749224040\"><img loading=\"lazy\" decoding=\"async\" src=\"https:\/\/farm8.staticflickr.com\/7597\/16749224040_c08f1bb00b.jpg\" alt=\"20150326_154039_1\" width=\"500\" height=\"214\" \/><\/a><\/p>\n<p>\u00a1A seguir us\u00e1ndolos una temporada! \ud83d\ude09<\/p>\n","protected":false},"excerpt":{"rendered":"<p>Esta tarde me he puesto manos a la obra con un pantal\u00f3n vaqueros que me encanta y que est\u00e1 poco menos que cay\u00e9ndose a cachos.. Hace unos meses le hice un arreglo, pero se hab\u00eda seguido rompiendo por otro lados, as\u00ed que o a la basura o a intentar hacer algo.. Tengo guardados cachos de [&hellip;]<\/p>\n","protected":false},"author":1,"featured_media":0,"comment_status":"open","ping_status":"open","sticky":false,"template":"","format":"standard","meta":{"footnotes":""},"categories":[35],"tags":[19,8,18],"class_list":["post-73","post","type-post","status-publish","format-standard","hentry","category-general","tag-arreglos","tag-general","tag-pantalones"],"_links":{"self":[{"href":"https:\/\/www.itxaspe.com\/BlogsDeportes\/itxaspe-pitxiak\/wp-json\/wp\/v2\/posts\/73","targetHints":{"allow":["GET"]}}],"collection":[{"href":"https:\/\/www.itxaspe.com\/BlogsDeportes\/itxaspe-pitxiak\/wp-json\/wp\/v2\/posts"}],"about":[{"href":"https:\/\/www.itxaspe.com\/BlogsDeportes\/itxaspe-pitxiak\/wp-json\/wp\/v2\/types\/post"}],"author":[{"embeddable":true,"href":"https:\/\/www.itxaspe.com\/BlogsDeportes\/itxaspe-pitxiak\/wp-json\/wp\/v2\/users\/1"}],"replies":[{"embeddable":true,"href":"https:\/\/www.itxaspe.com\/BlogsDeportes\/itxaspe-pitxiak\/wp-json\/wp\/v2\/comments?post=73"}],"version-history":[{"count":1,"href":"https:\/\/www.itxaspe.com\/BlogsDeportes\/itxaspe-pitxiak\/wp-json\/wp\/v2\/posts\/73\/revisions"}],"predecessor-version":[{"id":74,"href":"https:\/\/www.itxaspe.com\/BlogsDeportes\/itxaspe-pitxiak\/wp-json\/wp\/v2\/posts\/73\/revisions\/74"}],"wp:attachment":[{"href":"https:\/\/www.itxaspe.com\/BlogsDeportes\/itxaspe-pitxiak\/wp-json\/wp\/v2\/media?parent=73"}],"wp:term":[{"taxonomy":"category","embeddable":true,"href":"https:\/\/www.itxaspe.com\/BlogsDeportes\/itxaspe-pitxiak\/wp-json\/wp\/v2\/categories?post=73"},{"taxonomy":"post_tag","embeddable":true,"href":"https:\/\/www.itxaspe.com\/BlogsDeportes\/itxaspe-pitxiak\/wp-json\/wp\/v2\/tags?post=73"}],"curies":[{"name":"wp","href":"https:\/\/api.w.org\/{rel}","templated":true}]}}