{"id":38,"date":"2015-01-23T15:50:42","date_gmt":"2015-01-23T15:50:42","guid":{"rendered":"http:\/\/www.itxaspe.com\/BlogsDeportes\/itxaspe-pitxiak\/?p=38"},"modified":"2015-01-23T15:51:30","modified_gmt":"2015-01-23T15:51:30","slug":"carteras-y-monederos-con-camara-de-bicicleta-reciclada","status":"publish","type":"post","link":"https:\/\/www.itxaspe.com\/BlogsDeportes\/itxaspe-pitxiak\/carteras-y-monederos-con-camara-de-bicicleta-reciclada\/","title":{"rendered":"Carteras y monederos con c\u00e1mara de bicicleta reciclada"},"content":{"rendered":"<p>Aqu\u00ed ten\u00e9is algunos de los modelos de carteras y monederos con c\u00e1mara de bicicleta reciclada que hemos empezado a hacer.<\/p>\n<p>Con cierres magn\u00e9ticos<\/p>\n<p><a title=\"20150122_155904_2 by Koro Gabiola Colina, on Flickr\" href=\"https:\/\/www.flickr.com\/photos\/48196942@N00\/16155186697\"><img loading=\"lazy\" decoding=\"async\" src=\"https:\/\/farm8.staticflickr.com\/7535\/16155186697_1ddfcd66db.jpg\" alt=\"20150122_155904_2\" width=\"500\" height=\"403\" \/><\/a><\/p>\n<p><a title=\"Cartera hecha con c\u00e1mara de bicicleta reciclada by Koro Gabiola Colina, on Flickr\" href=\"https:\/\/www.flickr.com\/photos\/48196942@N00\/16342604365\"><img loading=\"lazy\" decoding=\"async\" src=\"https:\/\/farm8.staticflickr.com\/7558\/16342604365_1866b2912e.jpg\" alt=\"Cartera hecha con c\u00e1mara de bicicleta reciclada\" width=\"500\" height=\"354\" \/><\/a><\/p>\n<p>Aqu\u00ed uno con un mensaje bien bueno: \u00abwhere there&#8217;s a will there is a way\u00bb y con cierres a base de eslab\u00f3n de cadena.<\/p>\n<p><a title=\"20150115_150836_2 by Koro Gabiola Colina, on Flickr\" href=\"https:\/\/www.flickr.com\/photos\/48196942@N00\/16285390242\"><img loading=\"lazy\" decoding=\"async\" src=\"https:\/\/farm8.staticflickr.com\/7495\/16285390242_5b3bccce21.jpg\" alt=\"20150115_150836_2\" width=\"500\" height=\"372\" \/><\/a><\/p>\n<p>&nbsp;<\/p>\n<p>La verdad es que son muy c\u00f3modos, moldeables y tienen su toque \u00abciclista\u00bb<\/p>\n<p>Este \u00faltimo lo hemos sorteado estos d\u00edas en la p\u00e1gina de Facebook, as\u00ed que si quieres estar al tanto de m\u00e1s sorteos no tienes m\u00e1s que da a Me Gusta y seguirnos all\u00ed\u00a0<a title=\"https:\/\/www.facebook.com\/itxaspepitxiak\" href=\"https:\/\/www.facebook.com\/itxaspepitxiak\">https:\/\/www.facebook.com\/itxaspepitxiak<\/a><\/p>\n","protected":false},"excerpt":{"rendered":"<p>Aqu\u00ed ten\u00e9is algunos de los modelos de carteras y monederos con c\u00e1mara de bicicleta reciclada que hemos empezado a hacer. Con cierres magn\u00e9ticos Aqu\u00ed uno con un mensaje bien bueno: \u00abwhere there&#8217;s a will there is a way\u00bb y con cierres a base de eslab\u00f3n de cadena. &nbsp; La verdad es que son muy c\u00f3modos, [&hellip;]<\/p>\n","protected":false},"author":1,"featured_media":0,"comment_status":"open","ping_status":"open","sticky":false,"template":"","format":"standard","meta":{"footnotes":""},"categories":[5,3],"tags":[31,30,6],"class_list":["post-38","post","type-post","status-publish","format-standard","hentry","category-carteras","category-catalogo","tag-carteras","tag-catalogo","tag-monederos"],"_links":{"self":[{"href":"https:\/\/www.itxaspe.com\/BlogsDeportes\/itxaspe-pitxiak\/wp-json\/wp\/v2\/posts\/38","targetHints":{"allow":["GET"]}}],"collection":[{"href":"https:\/\/www.itxaspe.com\/BlogsDeportes\/itxaspe-pitxiak\/wp-json\/wp\/v2\/posts"}],"about":[{"href":"https:\/\/www.itxaspe.com\/BlogsDeportes\/itxaspe-pitxiak\/wp-json\/wp\/v2\/types\/post"}],"author":[{"embeddable":true,"href":"https:\/\/www.itxaspe.com\/BlogsDeportes\/itxaspe-pitxiak\/wp-json\/wp\/v2\/users\/1"}],"replies":[{"embeddable":true,"href":"https:\/\/www.itxaspe.com\/BlogsDeportes\/itxaspe-pitxiak\/wp-json\/wp\/v2\/comments?post=38"}],"version-history":[{"count":1,"href":"https:\/\/www.itxaspe.com\/BlogsDeportes\/itxaspe-pitxiak\/wp-json\/wp\/v2\/posts\/38\/revisions"}],"predecessor-version":[{"id":39,"href":"https:\/\/www.itxaspe.com\/BlogsDeportes\/itxaspe-pitxiak\/wp-json\/wp\/v2\/posts\/38\/revisions\/39"}],"wp:attachment":[{"href":"https:\/\/www.itxaspe.com\/BlogsDeportes\/itxaspe-pitxiak\/wp-json\/wp\/v2\/media?parent=38"}],"wp:term":[{"taxonomy":"category","embeddable":true,"href":"https:\/\/www.itxaspe.com\/BlogsDeportes\/itxaspe-pitxiak\/wp-json\/wp\/v2\/categories?post=38"},{"taxonomy":"post_tag","embeddable":true,"href":"https:\/\/www.itxaspe.com\/BlogsDeportes\/itxaspe-pitxiak\/wp-json\/wp\/v2\/tags?post=38"}],"curies":[{"name":"wp","href":"https:\/\/api.w.org\/{rel}","templated":true}]}}