{"id":136,"date":"2015-09-20T17:22:49","date_gmt":"2015-09-20T17:22:49","guid":{"rendered":"http:\/\/www.itxaspe.com\/BlogsDeportes\/itxaspe-pitxiak\/?p=136"},"modified":"2015-09-20T17:39:53","modified_gmt":"2015-09-20T17:39:53","slug":"itxaspe-pitxiak-en-la-debabarrena-btt-de-elgoibar-con-las-mujeres","status":"publish","type":"post","link":"https:\/\/www.itxaspe.com\/BlogsDeportes\/itxaspe-pitxiak\/itxaspe-pitxiak-en-la-debabarrena-btt-de-elgoibar-con-las-mujeres\/","title":{"rendered":"Itxaspe Pitxiak en la Debabarrena BTT de Elgoibar con las mujeres"},"content":{"rendered":"<p>En poco tiempo se celebrar\u00e1 la <strong><a href=\"http:\/\/www.itxaspe.com\/BlogsDeportes\/MaterialDeportivo\/vii-marcha-btt-debabarrena-18-de-octubre-del-2015\/\">VII marcha BTT Debabarrena<\/a><\/strong>, una marcha mountain bike que se celebra en donde vivimos ( Elgoibar &#8211; Gipuzkoa ) el 15 de Octubre del 2015<\/p>\n<p>Ya son VII ediciones que se celebra la marcha y durante las anteriores pocas mujeres se han animado a participar. \u00a1Ole por las que si! \ud83d\ude09<\/p>\n<p>Los de Itxaspe (I\u00f1aki y yo) estamos en la organizaci\u00f3n, y desde <strong>Itxaspe Pitxiak<\/strong> se nos ha ocurrido hacer una colaboraci\u00f3n\u00a0especial: a cada <strong>participante femenina<\/strong> en la marcha, se le entregar\u00e1 un peque\u00f1o detalle que hayamos hecho con todo el cari\u00f1o con <strong>material reciclado de bicicleta<\/strong>. Puede ser un collar, unos pendientes, un llavero. La foto es de un colgante y un llavero que estamos sorteando en facebook, no se corresponde con lo que daremos.<\/p>\n<p>Queremos apuntar que ya hemos solido comentar que no somos partidarios de los \u201ceventos solo para mujeres\u201d en los que no se permite participar a hombres.\u00a0Pero si que somos partidarios de<strong> fomentar el deporte entre las mujeres<\/strong>.. sobre todo en eventos donde la participaci\u00f3n femenina es escasa (BTT es un claro ejemplo de ello, cada vez somos m\u00e1s, pero a\u00fan as\u00ed somos pocas , al menos aqu\u00ed en nuestra zona). Creemos que tiene que haber otras formulas que no sean \u201cpar<span class=\"text_exposed_show\">ticipaci\u00f3n solo para\u201d. Y estamos buscando alguna..\u00a0<\/span><\/p>\n<p><img loading=\"lazy\" decoding=\"async\" src=\"https:\/\/farm6.staticflickr.com\/5760\/21323941640_cc2da6e2b7_z.jpg\" alt=\"12039177_1024919150876395_3179359049081339048_n\" width=\"480\" height=\"640\" \/><\/p>\n<p>\u00a1Animaros a participar! La marcha, tanto el recorrido largo (45km) como el corto (25km) son duros (desniveles grandes y zonas t\u00e9cnicas), pero muchas de vosotras sois capaces de hacer esto y mucho m\u00e1s.. \ud83d\ude09<\/p>\n<p>La cita, el 18 de Octubre en Elgoibar, \u00bfte apuntas? \ud83d\ude09<\/p>\n","protected":false},"excerpt":{"rendered":"<p>En poco tiempo se celebrar\u00e1 la VII marcha BTT Debabarrena, una marcha mountain bike que se celebra en donde vivimos ( Elgoibar &#8211; Gipuzkoa ) el 15 de Octubre del 2015 Ya son VII ediciones que se celebra la marcha y durante las anteriores pocas mujeres se han animado a participar. \u00a1Ole por las que [&hellip;]<\/p>\n","protected":false},"author":1,"featured_media":0,"comment_status":"open","ping_status":"open","sticky":false,"template":"","format":"standard","meta":{"footnotes":""},"categories":[23],"tags":[24],"class_list":["post-136","post","type-post","status-publish","format-standard","hentry","category-mujeres","tag-mujeres"],"_links":{"self":[{"href":"https:\/\/www.itxaspe.com\/BlogsDeportes\/itxaspe-pitxiak\/wp-json\/wp\/v2\/posts\/136","targetHints":{"allow":["GET"]}}],"collection":[{"href":"https:\/\/www.itxaspe.com\/BlogsDeportes\/itxaspe-pitxiak\/wp-json\/wp\/v2\/posts"}],"about":[{"href":"https:\/\/www.itxaspe.com\/BlogsDeportes\/itxaspe-pitxiak\/wp-json\/wp\/v2\/types\/post"}],"author":[{"embeddable":true,"href":"https:\/\/www.itxaspe.com\/BlogsDeportes\/itxaspe-pitxiak\/wp-json\/wp\/v2\/users\/1"}],"replies":[{"embeddable":true,"href":"https:\/\/www.itxaspe.com\/BlogsDeportes\/itxaspe-pitxiak\/wp-json\/wp\/v2\/comments?post=136"}],"version-history":[{"count":7,"href":"https:\/\/www.itxaspe.com\/BlogsDeportes\/itxaspe-pitxiak\/wp-json\/wp\/v2\/posts\/136\/revisions"}],"predecessor-version":[{"id":143,"href":"https:\/\/www.itxaspe.com\/BlogsDeportes\/itxaspe-pitxiak\/wp-json\/wp\/v2\/posts\/136\/revisions\/143"}],"wp:attachment":[{"href":"https:\/\/www.itxaspe.com\/BlogsDeportes\/itxaspe-pitxiak\/wp-json\/wp\/v2\/media?parent=136"}],"wp:term":[{"taxonomy":"category","embeddable":true,"href":"https:\/\/www.itxaspe.com\/BlogsDeportes\/itxaspe-pitxiak\/wp-json\/wp\/v2\/categories?post=136"},{"taxonomy":"post_tag","embeddable":true,"href":"https:\/\/www.itxaspe.com\/BlogsDeportes\/itxaspe-pitxiak\/wp-json\/wp\/v2\/tags?post=136"}],"curies":[{"name":"wp","href":"https:\/\/api.w.org\/{rel}","templated":true}]}}