{"id":179,"date":"2013-04-07T19:24:19","date_gmt":"2013-04-07T18:24:19","guid":{"rendered":"http:\/\/www.itxaspe.com\/BlogsDeportes\/estados-unidos-en-bicicleta\/?p=179"},"modified":"2013-04-07T19:36:50","modified_gmt":"2013-04-07T18:36:50","slug":"eleccion-de-chaqueta-plumas-para-las-noches-del-viaje-con-alforjas","status":"publish","type":"post","link":"https:\/\/www.itxaspe.com\/BlogsDeportes\/estados-unidos-en-bicicleta\/eleccion-de-chaqueta-plumas-para-las-noches-del-viaje-con-alforjas\/","title":{"rendered":"Elecci\u00f3n de chaqueta plumas para las noches del viaje con alforjas"},"content":{"rendered":"<p>Al final ya me he comprado la chaqueta para las noches del viaje. Tras estar varios d\u00edas con la cabeza pensando en qu\u00e9 ser\u00eda lo mejor<\/p>\n<ul>\n<li>Una chaqueta que abrigue bien, y que pese poco y ocupe poco<\/li>\n<li>Una chaqueta que abrigue MUY bien, que pese no tan poco y ocupe poco<\/li>\n<li>Esperar a ver realmente qu\u00e9 es lo que necesito una vez est\u00e9 all\u00ed y comprar en base a ello<\/li>\n<\/ul>\n<p>Ya me he decidido. Ten\u00eda echado el ojo a una chaqueta.. si no la hab\u00eda cogido era por el tema del peso, m\u00e1s de 600 gramos de chaqueta. Mucho peso para llevar..<\/p>\n<p>Es la <strong>chaqueta\u00a0Mammut Pilgrim<\/strong> de mujer<\/p>\n<p><a title=\"Mammut Pilgrim Jacket Women por itxaspe, en Flickr\" href=\"http:\/\/www.flickr.com\/photos\/48196942@N00\/8627814361\/\"><img loading=\"lazy\" decoding=\"async\" alt=\"Mammut Pilgrim Jacket Women\" src=\"http:\/\/farm9.staticflickr.com\/8248\/8627814361_bbb9eb4ab8.jpg\" width=\"450\" height=\"450\" \/><\/a><\/p>\n<p>Lo que me ha hecho decidirme por ella<\/p>\n<ul>\n<li>En la tienda que ten\u00eda echado el ojo hace unos d\u00edas estaba en todas las tallas, y ahora tan solo quedaban en talla XS y en talla S. Vamos.. que estaban volando. Estaba con el 25% de descuento (PVP:260\u20ac) y supongo que eso algo habr\u00e1 tenido que ver.<\/li>\n<li>En la foto de presentaci\u00f3n de la chaqueta, se ve que ocupa muy poco en una bolsa que trae para guardarla, y eso es importante.<\/li>\n<li>Estos d\u00edas de vacaciones en Semana Santa en Castell\u00f3n y estando en Montenejos, he visto a mucha gente con pedazo plumas a las noches, y eso que la temperatura no era nada fresca, de 10 a 15 grados. Y la verdad es que no me ha parecido nada exagerado.. hay que tener en cuenta que estoy acostumbrada a tener el calor de la autocaravana a las noches, pero en verano muchas noches nos cubrir\u00e1 el cielo y nada m\u00e1s.. y soy muy friolera..<\/li>\n<li>Tambi\u00e9n es verdad que es una chaqueta que me servir\u00e1 no s\u00f3lo para este viaje, si no para otros muchos que \u00f3jala vengan y que igual no sean solo a temperaturas de verano.. \ud83d\ude09<\/li>\n<\/ul>\n<p>Tendr\u00e9 que cargar con ese peso \u00abextra\u00bb para estar a gusto a las noches. Ya quitar\u00e9 ese peso en alg\u00fan otro sitio..<\/p>\n<p>El viaje dir\u00e1 si ha sido un acierto o no. En cuanto la tenga en mis manos, os la presento con toda la info.. \ud83d\ude09<\/p>\n<p>Ahhhh&#8230; parece que soy yo s\u00f3la la que necesito chaqueta, jeje.. No es as\u00ed, lo \u00fanico es que I\u00f1aki ya ten\u00eda en casa una que llevar, una Patagonia que sin duda le ir\u00e1 fenomenal.. os la presento a la vez que la mia.. \ud83d\ude09<\/p>\n","protected":false},"excerpt":{"rendered":"<p>Al final ya me he comprado la chaqueta para las noches del viaje. Tras estar varios d\u00edas con la cabeza pensando en qu\u00e9 ser\u00eda lo mejor Una chaqueta que abrigue bien, y que pese poco y ocupe poco Una chaqueta que abrigue MUY bien, que pese no tan poco y ocupe poco Esperar a ver [&hellip;]<\/p>\n","protected":false},"author":1,"featured_media":186,"comment_status":"open","ping_status":"open","sticky":false,"template":"","format":"standard","meta":{"footnotes":""},"categories":[42,2,12],"tags":[5,40,44],"class_list":["post-179","post","type-post","status-publish","format-standard","has-post-thumbnail","hentry","category-gastos","category-preparacion","category-ropa","tag-gastos","tag-preparacion","tag-ropa"],"_links":{"self":[{"href":"https:\/\/www.itxaspe.com\/BlogsDeportes\/estados-unidos-en-bicicleta\/wp-json\/wp\/v2\/posts\/179","targetHints":{"allow":["GET"]}}],"collection":[{"href":"https:\/\/www.itxaspe.com\/BlogsDeportes\/estados-unidos-en-bicicleta\/wp-json\/wp\/v2\/posts"}],"about":[{"href":"https:\/\/www.itxaspe.com\/BlogsDeportes\/estados-unidos-en-bicicleta\/wp-json\/wp\/v2\/types\/post"}],"author":[{"embeddable":true,"href":"https:\/\/www.itxaspe.com\/BlogsDeportes\/estados-unidos-en-bicicleta\/wp-json\/wp\/v2\/users\/1"}],"replies":[{"embeddable":true,"href":"https:\/\/www.itxaspe.com\/BlogsDeportes\/estados-unidos-en-bicicleta\/wp-json\/wp\/v2\/comments?post=179"}],"version-history":[{"count":3,"href":"https:\/\/www.itxaspe.com\/BlogsDeportes\/estados-unidos-en-bicicleta\/wp-json\/wp\/v2\/posts\/179\/revisions"}],"predecessor-version":[{"id":181,"href":"https:\/\/www.itxaspe.com\/BlogsDeportes\/estados-unidos-en-bicicleta\/wp-json\/wp\/v2\/posts\/179\/revisions\/181"}],"wp:featuredmedia":[{"embeddable":true,"href":"https:\/\/www.itxaspe.com\/BlogsDeportes\/estados-unidos-en-bicicleta\/wp-json\/wp\/v2\/media\/186"}],"wp:attachment":[{"href":"https:\/\/www.itxaspe.com\/BlogsDeportes\/estados-unidos-en-bicicleta\/wp-json\/wp\/v2\/media?parent=179"}],"wp:term":[{"taxonomy":"category","embeddable":true,"href":"https:\/\/www.itxaspe.com\/BlogsDeportes\/estados-unidos-en-bicicleta\/wp-json\/wp\/v2\/categories?post=179"},{"taxonomy":"post_tag","embeddable":true,"href":"https:\/\/www.itxaspe.com\/BlogsDeportes\/estados-unidos-en-bicicleta\/wp-json\/wp\/v2\/tags?post=179"}],"curies":[{"name":"wp","href":"https:\/\/api.w.org\/{rel}","templated":true}]}}