{"id":174,"date":"2013-03-26T18:40:00","date_gmt":"2013-03-26T17:40:00","guid":{"rendered":"http:\/\/www.itxaspe.com\/BlogsDeportes\/estados-unidos-en-bicicleta\/?p=174"},"modified":"2013-03-26T18:40:00","modified_gmt":"2013-03-26T17:40:00","slug":"libro-la-vuelta-al-mundo-en-bicicleta-por-francoise-y-claude-herve","status":"publish","type":"post","link":"https:\/\/www.itxaspe.com\/BlogsDeportes\/estados-unidos-en-bicicleta\/libro-la-vuelta-al-mundo-en-bicicleta-por-francoise-y-claude-herve\/","title":{"rendered":"Libro: La vuelta al mundo en bicicleta por Fran\u00e7oise y Claude Herv\u00e9"},"content":{"rendered":"<p>Ahora que estamos metidos en la <strong>preparaci\u00f3n de un viaje con alforjas<\/strong> que a mi me parece una aventura total&#8230; estoy encontrando informaci\u00f3n de much\u00edsima gente que realmente s\u00ed que vive en aventura cada d\u00eda de su vida.<\/p>\n<p>Aqu\u00ed ten\u00e9is la historia de\u00a0\u00a0Fran\u00e7oise y Claude Herv\u00e9 , pareja que durante muchos a\u00f1os vivi\u00f3 a lomos de su bicicleta y conociendo mundo. El libro est\u00e1 en franc\u00e9s y disponible para la compra en Amazon\u00a0<a href=\"http:\/\/www.amazon.fr\/tour-monde-v%C3%A9lo-French-Edition\/dp\/2862743658\">http:\/\/www.amazon.fr\/tour-monde-v%C3%A9lo-French-Edition\/dp\/2862743658<\/a><\/p>\n<p><img loading=\"lazy\" decoding=\"async\" class=\"alignnone\" alt=\"Libro Le Tour du Monde a Vel\u00f3\" src=\"http:\/\/ecx.images-amazon.com\/images\/I\/519GKRM3R0L._SL500_AA300_.jpg\" width=\"300\" height=\"300\" \/><\/p>\n<p>Esto hace que nuestra aventura sea algo peque\u00f1ito, pero da igual.. ser\u00e1 \u00abnuestra aventura\u00bb \ud83d\ude09<\/p>\n<p>V\u00eda<a title=\"Mujeres viajeras\" href=\"http:\/\/www.mujeresviajeras.com\/francoise-herve-y-su-familia-protagonistas-de-una-epica-aventura-en-bicicleta\/\"> mujeresviajeras<\/a><\/p>\n","protected":false},"excerpt":{"rendered":"<p>Ahora que estamos metidos en la preparaci\u00f3n de un viaje con alforjas que a mi me parece una aventura total&#8230; estoy encontrando informaci\u00f3n de much\u00edsima gente que realmente s\u00ed que vive en aventura cada d\u00eda de su vida. Aqu\u00ed ten\u00e9is la historia de\u00a0\u00a0Fran\u00e7oise y Claude Herv\u00e9 , pareja que durante muchos a\u00f1os vivi\u00f3 a lomos [&hellip;]<\/p>\n","protected":false},"author":1,"featured_media":0,"comment_status":"open","ping_status":"open","sticky":false,"template":"","format":"standard","meta":{"footnotes":""},"categories":[41],"tags":[6,17],"class_list":["post-174","post","type-post","status-publish","format-standard","hentry","category-enlaces","tag-enlaces","tag-libros"],"_links":{"self":[{"href":"https:\/\/www.itxaspe.com\/BlogsDeportes\/estados-unidos-en-bicicleta\/wp-json\/wp\/v2\/posts\/174","targetHints":{"allow":["GET"]}}],"collection":[{"href":"https:\/\/www.itxaspe.com\/BlogsDeportes\/estados-unidos-en-bicicleta\/wp-json\/wp\/v2\/posts"}],"about":[{"href":"https:\/\/www.itxaspe.com\/BlogsDeportes\/estados-unidos-en-bicicleta\/wp-json\/wp\/v2\/types\/post"}],"author":[{"embeddable":true,"href":"https:\/\/www.itxaspe.com\/BlogsDeportes\/estados-unidos-en-bicicleta\/wp-json\/wp\/v2\/users\/1"}],"replies":[{"embeddable":true,"href":"https:\/\/www.itxaspe.com\/BlogsDeportes\/estados-unidos-en-bicicleta\/wp-json\/wp\/v2\/comments?post=174"}],"version-history":[{"count":1,"href":"https:\/\/www.itxaspe.com\/BlogsDeportes\/estados-unidos-en-bicicleta\/wp-json\/wp\/v2\/posts\/174\/revisions"}],"predecessor-version":[{"id":175,"href":"https:\/\/www.itxaspe.com\/BlogsDeportes\/estados-unidos-en-bicicleta\/wp-json\/wp\/v2\/posts\/174\/revisions\/175"}],"wp:attachment":[{"href":"https:\/\/www.itxaspe.com\/BlogsDeportes\/estados-unidos-en-bicicleta\/wp-json\/wp\/v2\/media?parent=174"}],"wp:term":[{"taxonomy":"category","embeddable":true,"href":"https:\/\/www.itxaspe.com\/BlogsDeportes\/estados-unidos-en-bicicleta\/wp-json\/wp\/v2\/categories?post=174"},{"taxonomy":"post_tag","embeddable":true,"href":"https:\/\/www.itxaspe.com\/BlogsDeportes\/estados-unidos-en-bicicleta\/wp-json\/wp\/v2\/tags?post=174"}],"curies":[{"name":"wp","href":"https:\/\/api.w.org\/{rel}","templated":true}]}}