{"id":170,"date":"2013-03-24T20:19:52","date_gmt":"2013-03-24T19:19:52","guid":{"rendered":"http:\/\/www.itxaspe.com\/BlogsDeportes\/estados-unidos-en-bicicleta\/?p=170"},"modified":"2013-03-24T20:19:52","modified_gmt":"2013-03-24T19:19:52","slug":"material-fotografico-y-electronica-a-llevar-conexion-a-internet-en-eeuu","status":"publish","type":"post","link":"https:\/\/www.itxaspe.com\/BlogsDeportes\/estados-unidos-en-bicicleta\/material-fotografico-y-electronica-a-llevar-conexion-a-internet-en-eeuu\/","title":{"rendered":"Material fotogr\u00e1fico y electr\u00f3nica a llevar. Conexi\u00f3n a Internet en EEUU"},"content":{"rendered":"<p>M\u00e1s cosillas&#8230; mientras la cabeza nos da vueltas entre el tipo de bicicleta a llevar, la ropa, zapatillas y dem\u00e1s&#8230; otro tema que no podemos dejar a parte es el material fotogr\u00e1fico y la electr\u00f3nica a llevar al viaje.<\/p>\n<p>Queremos poder contar o al menos de vez en cuando poder subir fotos y algunos textos de lo que estamos haciendo. Durante el viaje contar lo que podamos en plan esquem\u00e1tico (no queremos tener que estar siempre pendientes de tener que hacerlo por obligaci\u00f3n) y a la vuelta pegar la gran chapa con \u00e9l , \u00a1prepararos!<\/p>\n<p>Para ello tenemos que llevar c\u00e1mara de fotos (con sus correspondientes cargadores), m\u00f3viles (los que tenemos que son libres) y alg\u00fan ordenador (con el ordenador podremos tambi\u00e9n cargar tracks o lo que nos haga falta en el GPS).<\/p>\n<p>I\u00f1aki tiene un ordenador ligerito y yo tambi\u00e9n, tenemos que elegir cu\u00e1l de los dos llevar y prepararlo. Supongo que la mejor opci\u00f3n ser\u00eda llevar una tablet por tema de peso, pero ser\u00eda otro gasto adicional que no creo que podamos asumir.<\/p>\n<p>Ahora en la cabeza:<\/p>\n<ul>\n<li>C\u00e1mara de fotos: la que tenemos actualmente. Una sencilla compacta. Con la que solemos sacar fotos . Podr\u00eda quedarse en casa sin ir de viaje y ser reemplazada por los m\u00f3viles.<\/li>\n<\/ul>\n<p><a title=\"cama ra fotos por itxaspe, en Flickr\" href=\"http:\/\/www.flickr.com\/photos\/48196942@N00\/8587084532\/\"><img loading=\"lazy\" decoding=\"async\" alt=\"cama ra fotos\" src=\"http:\/\/farm9.staticflickr.com\/8093\/8587084532_e4b9ef0b44.jpg\" width=\"500\" height=\"375\" \/><\/a><\/p>\n<ul>\n<li>GPS para la bici<\/li>\n<li>M\u00f3viles libres: Un Samsung Galaxy S \u00a0y un Google Nexus 4.<\/li>\n<li>Todo con sus correspondientes cargadores y con adaptador de corriente a EEUU<\/li>\n<\/ul>\n<p>Con respecto al tema de m\u00f3viles, para 2 meses estar\u00eda bien poder hacer alg\u00fan contrato con alguna compa\u00f1\u00eda de all\u00ed que nos proporcione datos para poder tener conexi\u00f3n a Internet. Este es un tema a enterarnos. Si alguno tiene informaci\u00f3n de primera mano, se agradecer\u00eda..<\/p>\n<p>Algo al estilo de Pepephone en yankilandia ser\u00eda la bomba.. \ud83d\ude09<\/p>\n<p>En este tema habr\u00e1 que tener en cuenta mucho el tema de peso&#8230; a ver si conseguimos llevar todo lo que queremos , \u00a1ains! jeje.. \ud83d\ude09<\/p>\n","protected":false},"excerpt":{"rendered":"<p>M\u00e1s cosillas&#8230; mientras la cabeza nos da vueltas entre el tipo de bicicleta a llevar, la ropa, zapatillas y dem\u00e1s&#8230; otro tema que no podemos dejar a parte es el material fotogr\u00e1fico y la electr\u00f3nica a llevar al viaje. Queremos poder contar o al menos de vez en cuando poder subir fotos y algunos textos [&hellip;]<\/p>\n","protected":false},"author":1,"featured_media":171,"comment_status":"open","ping_status":"open","sticky":false,"template":"","format":"standard","meta":{"footnotes":""},"categories":[2],"tags":[40],"class_list":["post-170","post","type-post","status-publish","format-standard","has-post-thumbnail","hentry","category-preparacion","tag-preparacion"],"_links":{"self":[{"href":"https:\/\/www.itxaspe.com\/BlogsDeportes\/estados-unidos-en-bicicleta\/wp-json\/wp\/v2\/posts\/170","targetHints":{"allow":["GET"]}}],"collection":[{"href":"https:\/\/www.itxaspe.com\/BlogsDeportes\/estados-unidos-en-bicicleta\/wp-json\/wp\/v2\/posts"}],"about":[{"href":"https:\/\/www.itxaspe.com\/BlogsDeportes\/estados-unidos-en-bicicleta\/wp-json\/wp\/v2\/types\/post"}],"author":[{"embeddable":true,"href":"https:\/\/www.itxaspe.com\/BlogsDeportes\/estados-unidos-en-bicicleta\/wp-json\/wp\/v2\/users\/1"}],"replies":[{"embeddable":true,"href":"https:\/\/www.itxaspe.com\/BlogsDeportes\/estados-unidos-en-bicicleta\/wp-json\/wp\/v2\/comments?post=170"}],"version-history":[{"count":2,"href":"https:\/\/www.itxaspe.com\/BlogsDeportes\/estados-unidos-en-bicicleta\/wp-json\/wp\/v2\/posts\/170\/revisions"}],"predecessor-version":[{"id":173,"href":"https:\/\/www.itxaspe.com\/BlogsDeportes\/estados-unidos-en-bicicleta\/wp-json\/wp\/v2\/posts\/170\/revisions\/173"}],"wp:featuredmedia":[{"embeddable":true,"href":"https:\/\/www.itxaspe.com\/BlogsDeportes\/estados-unidos-en-bicicleta\/wp-json\/wp\/v2\/media\/171"}],"wp:attachment":[{"href":"https:\/\/www.itxaspe.com\/BlogsDeportes\/estados-unidos-en-bicicleta\/wp-json\/wp\/v2\/media?parent=170"}],"wp:term":[{"taxonomy":"category","embeddable":true,"href":"https:\/\/www.itxaspe.com\/BlogsDeportes\/estados-unidos-en-bicicleta\/wp-json\/wp\/v2\/categories?post=170"},{"taxonomy":"post_tag","embeddable":true,"href":"https:\/\/www.itxaspe.com\/BlogsDeportes\/estados-unidos-en-bicicleta\/wp-json\/wp\/v2\/tags?post=170"}],"curies":[{"name":"wp","href":"https:\/\/api.w.org\/{rel}","templated":true}]}}