{"id":10,"date":"2009-10-13T22:25:29","date_gmt":"2009-10-13T20:25:29","guid":{"rendered":"http:\/\/www.itxaspe.com\/BlogsDeportes\/deportes-elgoibar\/subida-en-bicicleta-a-san-pedro-2009-fotos"},"modified":"2009-10-13T22:25:29","modified_gmt":"2009-10-13T20:25:29","slug":"subida-en-bicicleta-a-san-pedro-2009-fotos","status":"publish","type":"post","link":"https:\/\/www.itxaspe.com\/BlogsDeportes\/deportes-elgoibar\/subida-en-bicicleta-a-san-pedro-2009-fotos\/","title":{"rendered":"Subida en bicicleta a San Pedro 2009. Fotos"},"content":{"rendered":"<p>  Ayer subimos a San Pedro a ver la subida en bicicleta de este a\u00f1o. <\/p>\n<p>Aqu\u00ed ten\u00e9is alguna fotillo que sacamos, si quer\u00e9is que os las mandemos en calidad superior, <a href=\"http:\/\/www.itxaspe.com\/BlogsDeportes\/deportes-elgoibar\/contact\"><strong>mandarnos un correo<\/strong><\/a> y os las mandamos por correo electr\u00f3nico<\/p>\n<p><img decoding=\"async\" src=\"http:\/\/farm3.static.flickr.com\/2641\/4009584850_6bc2d4258d.jpg\" \/><br \/><img decoding=\"async\" src=\"http:\/\/farm3.static.flickr.com\/2555\/4008824189_9f56da9773.jpg\" \/><br \/><img decoding=\"async\" src=\"http:\/\/farm3.static.flickr.com\/2546\/4009598328_8e9079ba64.jpg\" \/><\/p>\n<p><img decoding=\"async\" src=\"http:\/\/farm3.static.flickr.com\/2451\/4008874239_3165f17603.jpg\" \/><br \/>Aqu\u00ed ten\u00e9is todas las <strong><a href=\"http:\/\/www.flickr.com\/photos\/48196942@N00\/sets\/72157622454732101\/\">fotos de la Subida a San Pedro 2009<\/a> <\/strong><\/p>\n<p><strong>CLASIFICACI\u00d3N 2009<\/strong><\/p>\n<table>\n<tbody>\n<tr>\n<td width=\"120\">\n<p>\n\t\t\t<strong>NOMBRE<br \/><\/strong>\n\t\t\t<\/p>\n<\/td>\n<td width=\"60\">\n<p>\n\t\t\tTIEMPO\n\t\t\t<\/p>\n<\/td>\n<\/tr>\n<tr>\n<td width=\"120\">\n<p>\n\t\t\tJosu Uriarte&nbsp;&nbsp;\n\t\t\t<\/p>\n<\/td>\n<td width=\"60\">\n<p>\n\t\t\t14:00\n\t\t\t<\/p>\n<\/td>\n<\/tr>\n<tr>\n<td width=\"120\">\n<p>\n\t\t\tI\u00f1igo Ortuoste\n\t\t\t<\/p>\n<\/td>\n<td width=\"60\">\n<p>\n\t\t\t14:15\n\t\t\t<\/p>\n<\/td>\n<\/tr>\n<tr>\n<td width=\"120\">\n<p>\n\t\t\tJose Mari<br \/>\n\t\t\tFernandez&nbsp;\n\t\t\t<\/p>\n<\/td>\n<td width=\"60\">\n<p>\n\t\t\t15:00\n\t\t\t<\/p>\n<\/td>\n<\/tr>\n<tr>\n<td width=\"120\">\n<p>\n\t\t\tAzibar Iragagoitia\n\t\t\t<\/p>\n<\/td>\n<td width=\"60\">\n<p>\n\t\t\t15:10\n\t\t\t<\/p>\n<\/td>\n<\/tr>\n<tr>\n<td width=\"120\">\n<p>\n\t\t\tMikel Lopezosa\n\t\t\t<\/p>\n<\/td>\n<td width=\"60\">\n<p>\n\t\t\t15:16\n\t\t\t<\/p>\n<\/td>\n<\/tr>\n<tr>\n<td width=\"120\">\n<p>\n\t\t\tGorka De La Horra\n\t\t\t<\/p>\n<\/td>\n<td width=\"60\">\n<p>\n\t\t\t15:38\n\t\t\t<\/p>\n<\/td>\n<\/tr>\n<tr>\n<td width=\"120\">\n<p>\n\t\t\tBe\u00f1at Zafra\n\t\t\t<\/p>\n<\/td>\n<td width=\"60\">\n<p>\n\t\t\t15:50\n\t\t\t<\/p>\n<\/td>\n<\/tr>\n<tr>\n<td width=\"120\">\n<p>\n\t\t\tI\u00f1aki Gorosabel\n\t\t\t<\/p>\n<\/td>\n<td width=\"60\">\n<p>\n\t\t\t15:55\n\t\t\t<\/p>\n<\/td>\n<\/tr>\n<tr>\n<td width=\"120\">\n<p>\n\t\t\tJ. Juan Barrenetxea\n\t\t\t<\/p>\n<\/td>\n<td width=\"60\">\n<p>\n\t\t\t16:20\n\t\t\t<\/p>\n<\/td>\n<\/tr>\n<tr>\n<td width=\"120\">\n<p>\n\t\t\tJorge Gonzalez\n\t\t\t<\/p>\n<\/td>\n<td width=\"60\">\n<p>\n\t\t\t17:05\n\t\t\t<\/p>\n<\/td>\n<\/tr>\n<tr>\n<td width=\"120\">\n<p>\n\t\t\tDaniel Palazin\n\t\t\t<\/p>\n<\/td>\n<td width=\"60\">\n<p>\n\t\t\t17:12\n\t\t\t<\/p>\n<\/td>\n<\/tr>\n<tr>\n<td width=\"120\">\n<p>\n\t\t\tGorka Zabala\n\t\t\t<\/p>\n<\/td>\n<td width=\"60\">\n<p>\n\t\t\t17:18\n\t\t\t<\/p>\n<\/td>\n<\/tr>\n<tr>\n<td width=\"120\">\n<p>\n\t\t\tImanol Cid\n\t\t\t<\/p>\n<\/td>\n<td width=\"60\">\n<p>\n\t\t\t17:32\n\t\t\t<\/p>\n<\/td>\n<\/tr>\n<tr>\n<td width=\"120\">\n<p>\n\t\t\tMikel Hernandez\n\t\t\t<\/p>\n<\/td>\n<td width=\"60\">\n<p>\n\t\t\t17:32\n\t\t\t<\/p>\n<\/td>\n<\/tr>\n<tr>\n<td width=\"120\">\n<p>\n\t\t\tTomas Arizaga\n\t\t\t<\/p>\n<\/td>\n<td width=\"60\">\n<p>\n\t\t\t17:50\n\t\t\t<\/p>\n<\/td>\n<\/tr>\n<tr>\n<td width=\"120\">\n<p>\n\t\t\tJ. Antonio Agote\n\t\t\t<\/p>\n<\/td>\n<td width=\"60\">\n<p>\n\t\t\t18:10\n\t\t\t<\/p>\n<\/td>\n<\/tr>\n<tr>\n<td width=\"120\">\n<p>\n\t\t\tEnrike Astigarraga\n\t\t\t<\/p>\n<\/td>\n<td width=\"60\">\n<p>\n\t\t\t18:16\n\t\t\t<\/p>\n<\/td>\n<\/tr>\n<tr>\n<td width=\"120\">\n<p>\n\t\t\tXabier Elgezua\n\t\t\t<\/p>\n<\/td>\n<td width=\"60\">\n<p>\n\t\t\t18:20\n\t\t\t<\/p>\n<\/td>\n<\/tr>\n<tr>\n<td width=\"120\">\n<p>\n\t\t\tAgustin Gomez\n\t\t\t<\/p>\n<\/td>\n<td width=\"60\">\n<p>\n\t\t\t18:42\n\t\t\t<\/p>\n<\/td>\n<\/tr>\n<tr>\n<td width=\"120\">\n<p>\n\t\t\tI\u00f1igo Agirreburualde\n\t\t\t<\/p>\n<\/td>\n<td width=\"60\">\n<p>\n\t\t\t19:22\n\t\t\t<\/p>\n<\/td>\n<\/tr>\n<tr>\n<td width=\"120\">\n<p>\n\t\t\tIgor Caballero\n\t\t\t<\/p>\n<\/td>\n<td width=\"60\">\n<p>\n\t\t\t19:39\n\t\t\t<\/p>\n<\/td>\n<\/tr>\n<tr>\n<td width=\"120\">\n<p>\n\t\t\tJ. Jose Martinez\n\t\t\t<\/p>\n<\/td>\n<td width=\"60\">\n<p>\n\t\t\t19:50\n\t\t\t<\/p>\n<\/td>\n<\/tr>\n<tr>\n<td width=\"120\">\n<p>\n\t\t\tRicardo Huidobro\n\t\t\t<\/p>\n<\/td>\n<td width=\"60\">\n<p>\n\t\t\t19:50\n\t\t\t<\/p>\n<\/td>\n<\/tr>\n<tr>\n<td width=\"120\">\n<p>\n\t\t\tGotzon Arrieta\n\t\t\t<\/p>\n<\/td>\n<td width=\"60\">\n<p>\n\t\t\t19:50\n\t\t\t<\/p>\n<\/td>\n<\/tr>\n<tr>\n<td width=\"120\">\n<p>\n\t\t\tJulen Agirreburualde\n\t\t\t<\/p>\n<\/td>\n<td width=\"60\">\n<p>\n\t\t\t20:22\n\t\t\t<\/p>\n<\/td>\n<\/tr>\n<tr>\n<td width=\"120\">\n<p>\n\t\t\tIker Amutxastegi\n\t\t\t<\/p>\n<\/td>\n<td width=\"60\">\n<p>\n\t\t\t20:33\n\t\t\t<\/p>\n<\/td>\n<\/tr>\n<tr>\n<td width=\"120\">\n<p>\n\t\t\tBe\u00f1at Fernandez\n\t\t\t<\/p>\n<\/td>\n<td width=\"60\">\n<p>\n\t\t\t21:37\n\t\t\t<\/p>\n<\/td>\n<\/tr>\n<tr>\n<td width=\"120\">\n<p>\n\t\t\tFabian Castro\n\t\t\t<\/p>\n<\/td>\n<td width=\"60\">\n<p>\n\t\t\t21:48\n\t\t\t<\/p>\n<\/td>\n<\/tr>\n<tr>\n<td width=\"120\">\n<p>\n\t\t\tJoseba Gurrutxaga\n\t\t\t<\/p>\n<\/td>\n<td width=\"60\">\n<p>\n\t\t\t22:02\n\t\t\t<\/p>\n<\/td>\n<\/tr>\n<tr>\n<td width=\"120\">\n<p>\n\t\t\tMario Romero\n\t\t\t<\/p>\n<\/td>\n<td width=\"60\">\n<p>\n\t\t\t23:20\n\t\t\t<\/p>\n<\/td>\n<\/tr>\n<tr>\n<td width=\"120\">\n<p>\n\t\t\tJokin Bergara\n\t\t\t<\/p>\n<\/td>\n<td width=\"60\">\n<p>\n\t\t\t24:38\n\t\t\t<\/p>\n<\/td>\n<\/tr>\n<tr>\n<td width=\"120\">\n<p>\n\t\t\tOrkatz Amutxastegi\n\t\t\t<\/p>\n<\/td>\n<td width=\"60\">\n<p>\n\t\t\t24:35\n\t\t\t<\/p>\n<\/td>\n<\/tr>\n<tr>\n<td width=\"120\">\n<p>\n\t\t\tAnton Mendizabal\n\t\t\t<\/p>\n<\/td>\n<td width=\"60\">\n<p>\n\t\t\t25:50\n\t\t\t<\/p>\n<\/td>\n<\/tr>\n<tr>\n<td width=\"120\">\n<p>\n\t\t\tAlberto Matute\n\t\t\t<\/p>\n<\/td>\n<td width=\"60\">\n<p>\n\t\t\t26:55\n\t\t\t<\/p>\n<\/td>\n<\/tr>\n<tr>\n<td width=\"120\">\n<p>\n\t\t\tOscar De Diego\n\t\t\t<\/p>\n<\/td>\n<td width=\"60\">\n<p>\n\t\t\t26:55<\/p>\n<\/td>\n<\/tr>\n<\/tbody>\n<\/table>\n<p>Sacada la clasificaci\u00f3n de <a href=\"http:\/\/www.elgoibarren.net\/index.php?option=com_content&amp;task=view&amp;id=1982&amp;Itemid=11\">http:\/\/www.elgoibarren.net\/index.php?option=com_content&amp;task=view&amp;id=1982&amp;Itemid=11<\/a>   <\/p>\n","protected":false},"excerpt":{"rendered":"<p>Ayer subimos a San Pedro a ver la subida en bicicleta de este a\u00f1o. Aqu\u00ed ten\u00e9is alguna fotillo que sacamos, si quer\u00e9is que os las mandemos en calidad superior, mandarnos un correo y os las mandamos por correo electr\u00f3nico Aqu\u00ed ten\u00e9is todas las fotos de la Subida a San Pedro 2009 CLASIFICACI\u00d3N 2009 NOMBRE TIEMPO [&hellip;]<\/p>\n","protected":false},"author":1,"featured_media":0,"comment_status":"open","ping_status":"open","sticky":false,"template":"","format":"standard","meta":{"footnotes":""},"categories":[1],"tags":[],"class_list":["post-10","post","type-post","status-publish","format-standard","hentry","category-sin-categoria"],"_links":{"self":[{"href":"https:\/\/www.itxaspe.com\/BlogsDeportes\/deportes-elgoibar\/wp-json\/wp\/v2\/posts\/10","targetHints":{"allow":["GET"]}}],"collection":[{"href":"https:\/\/www.itxaspe.com\/BlogsDeportes\/deportes-elgoibar\/wp-json\/wp\/v2\/posts"}],"about":[{"href":"https:\/\/www.itxaspe.com\/BlogsDeportes\/deportes-elgoibar\/wp-json\/wp\/v2\/types\/post"}],"author":[{"embeddable":true,"href":"https:\/\/www.itxaspe.com\/BlogsDeportes\/deportes-elgoibar\/wp-json\/wp\/v2\/users\/1"}],"replies":[{"embeddable":true,"href":"https:\/\/www.itxaspe.com\/BlogsDeportes\/deportes-elgoibar\/wp-json\/wp\/v2\/comments?post=10"}],"version-history":[{"count":0,"href":"https:\/\/www.itxaspe.com\/BlogsDeportes\/deportes-elgoibar\/wp-json\/wp\/v2\/posts\/10\/revisions"}],"wp:attachment":[{"href":"https:\/\/www.itxaspe.com\/BlogsDeportes\/deportes-elgoibar\/wp-json\/wp\/v2\/media?parent=10"}],"wp:term":[{"taxonomy":"category","embeddable":true,"href":"https:\/\/www.itxaspe.com\/BlogsDeportes\/deportes-elgoibar\/wp-json\/wp\/v2\/categories?post=10"},{"taxonomy":"post_tag","embeddable":true,"href":"https:\/\/www.itxaspe.com\/BlogsDeportes\/deportes-elgoibar\/wp-json\/wp\/v2\/tags?post=10"}],"curies":[{"name":"wp","href":"https:\/\/api.w.org\/{rel}","templated":true}]}}